{"id":92272,"date":"2020-07-14T10:30:32","date_gmt":"2020-07-14T14:30:32","guid":{"rendered":"https:\/\/linitiative.ca\/International\/elections-laftit-reunit-les-partis-non-representes-au-parlement\/"},"modified":"2020-07-14T10:30:32","modified_gmt":"2020-07-14T14:30:32","slug":"elections-laftit-reunit-les-partis-non-representes-au-parlement","status":"publish","type":"post","link":"https:\/\/linitiative.ca\/International\/elections-laftit-reunit-les-partis-non-representes-au-parlement\/","title":{"rendered":"Elections : Laftit r\u00e9unit les partis non repr\u00e9sent\u00e9s au Parlement"},"content":{"rendered":"<p><img decoding=\"async\" class=\"post_layout_5_img\" src=\"http:\/\/aujourdhui.ma\/wp-content\/uploads\/2020\/07\/Laftit.jpg\" alt=\"Elections : Laftit r&#xE9;unit les partis non repr&#xE9;sent&#xE9;s au Parlement\"\/><\/p>\n<p><span class=\"c5\"><strong>Apr\u00e8s les partis repr\u00e9sent\u00e9s au Parlement, c\u2019est au tour des formations politiques non repr\u00e9sent\u00e9es.<\/strong><\/span> <span id=\"more-350567\"\/><\/p>\n<p>En effet, le ministre de l\u2019int\u00e9rieur, Abdelouafi Laftit, a tenu lundi dernier \u00e0 Rabat une r\u00e9union avec les leaders et repr\u00e9sentants de partis politiques non repr\u00e9sent\u00e9s au Parlement, dans le cadre des pr\u00e9paratifs des prochaines \u00e9ch\u00e9ances \u00e9lectorales de 2021. Cette rencontre a \u00e9t\u00e9 marqu\u00e9e par la pr\u00e9sentation par ces partis de leurs propositions relatives essentiellement \u00e0 la r\u00e9vision des lois encadrant le processus \u00e9lectoral, le mode de scrutin et l\u2019annulation du seuil.<\/p>\n<p>Dans des d\u00e9clarations \u00e0 la presse \u00e0 l\u2019issue de cette r\u00e9union, qui s\u2019inscrit dans le cadre d\u2019une s\u00e9rie de rencontres programm\u00e9es par le minist\u00e8re de l\u2019int\u00e9rieur avec les chefs des partis politiques pour \u00e9changer les points de vue autour des questions essentielles relatives aux pr\u00e9paratifs des prochaines \u00e9ch\u00e9ances \u00e9lectorales, des leaders partisans ont mis en exergue la n\u00e9cessit\u00e9 d\u2019une r\u00e9vision globale du code \u00e9lectoral, notamment en ce qui concerne le mode de scrutin, le retour au scrutin individuel et l\u2019annulation du seuil.<\/p>\n<p>Cette r\u00e9union, tenue au si\u00e8ge du minist\u00e8re de l\u2019int\u00e9rieur, en pr\u00e9sence notamment du ministre d\u00e9l\u00e9gu\u00e9 aupr\u00e8s du ministre de l\u2019int\u00e9rieur, Noureddine Boutayeb, s\u2019inscrit dans le cadre de la m\u00e9thodologie de concertation fructueuse et de d\u00e9bat constructif adopt\u00e9 par le gouvernement pour \u00e9changer avec les acteurs politiques sur les grandes questions nationales, y compris la pr\u00e9paration des prochaines \u00e9ch\u00e9ances \u00e9lectorales pr\u00e9vues en 2021, une ann\u00e9e \u00e9lectorale par excellence qui sera marqu\u00e9e par le renouvellement de l\u2019ensemble des institutions repr\u00e9sentatives nationales locales et professionnelles, qu\u2019il s\u2019agisse des conseils communaux, provinciaux et r\u00e9gionaux et des Chambres professionnelles, outre l\u2019\u00e9lection des repr\u00e9sentants des salari\u00e9s puis des deux Chambres du Parlement.<\/p>\n<p>A noter enfin que M. Laftit avait tenu, la semaine pass\u00e9e \u00e0 Rabat, en compagnie de M. Boutayeb, une r\u00e9union avec les secr\u00e9taires g\u00e9n\u00e9raux et pr\u00e9sidents des partis politiques repr\u00e9sent\u00e9s au Parlement avec le m\u00eame ordre du jour, \u00e0 savoir les pr\u00e9paratifs pour les \u00e9lections.<\/p>\n<p>Auteur: ALM<br \/>\n<a href=\"https:\/\/aujourdhui.ma\/politique\/elections-laftit-reunit-les-partis-non-representes-au-parlement\">Cliquez ici pour lire l&rsquo;article depuis sa source.<\/a><\/p>\n","protected":false},"excerpt":{"rendered":"<p>Apr\u00e8s les partis repr\u00e9sent\u00e9s au Parlement, c\u2019est au tour des formations politiques non repr\u00e9sent\u00e9es. En effet, le ministre de l\u2019int\u00e9rieur, Abdelouafi Laftit, a tenu lundi dernier \u00e0 Rabat une r\u00e9union avec les leaders et repr\u00e9sentants de partis politiques non repr\u00e9sent\u00e9s au Parlement, dans le cadre des pr\u00e9paratifs des prochaines \u00e9ch\u00e9ances \u00e9lectorales de 2021. Cette rencontre [&hellip;]<\/p>\n","protected":false},"author":1759,"featured_media":92273,"comment_status":"closed","ping_status":"closed","sticky":false,"template":"","format":"standard","meta":{"fifu_image_url":"","fifu_image_alt":"","footnotes":""},"categories":[73,54],"tags":[],"class_list":["post-92272","post","type-post","status-publish","format-standard","has-post-thumbnail","hentry","category-actualite","category-maroc"],"_links":{"self":[{"href":"https:\/\/linitiative.ca\/International\/wp-json\/wp\/v2\/posts\/92272","targetHints":{"allow":["GET"]}}],"collection":[{"href":"https:\/\/linitiative.ca\/International\/wp-json\/wp\/v2\/posts"}],"about":[{"href":"https:\/\/linitiative.ca\/International\/wp-json\/wp\/v2\/types\/post"}],"author":[{"embeddable":true,"href":"https:\/\/linitiative.ca\/International\/wp-json\/wp\/v2\/users\/1759"}],"replies":[{"embeddable":true,"href":"https:\/\/linitiative.ca\/International\/wp-json\/wp\/v2\/comments?post=92272"}],"version-history":[{"count":0,"href":"https:\/\/linitiative.ca\/International\/wp-json\/wp\/v2\/posts\/92272\/revisions"}],"wp:featuredmedia":[{"embeddable":true,"href":"https:\/\/linitiative.ca\/International\/wp-json\/"}],"wp:attachment":[{"href":"https:\/\/linitiative.ca\/International\/wp-json\/wp\/v2\/media?parent=92272"}],"wp:term":[{"taxonomy":"category","embeddable":true,"href":"https:\/\/linitiative.ca\/International\/wp-json\/wp\/v2\/categories?post=92272"},{"taxonomy":"post_tag","embeddable":true,"href":"https:\/\/linitiative.ca\/International\/wp-json\/wp\/v2\/tags?post=92272"}],"curies":[{"name":"wp","href":"https:\/\/api.w.org\/{rel}","templated":true}]}}