{"id":92274,"date":"2020-07-14T11:36:07","date_gmt":"2020-07-14T15:36:07","guid":{"rendered":"https:\/\/linitiative.ca\/International\/ue-adii-une-12eme-session-sous-le-signe-de-la-relance\/"},"modified":"2020-07-14T11:36:07","modified_gmt":"2020-07-14T15:36:07","slug":"ue-adii-une-12eme-session-sous-le-signe-de-la-relance","status":"publish","type":"post","link":"https:\/\/linitiative.ca\/International\/ue-adii-une-12eme-session-sous-le-signe-de-la-relance\/","title":{"rendered":"UE- ADII : une 12\u00e8me session sous le signe de la relance"},"content":{"rendered":"<p><img decoding=\"async\" class=\"post_layout_5_img\" src=\"http:\/\/aujourdhui.ma\/wp-content\/uploads\/2017\/08\/administration-des-douanes.jpg\" alt=\"UE- ADII : une 12&#xE8;me session sous le signe de la relance\"\/><\/p>\n<p><span class=\"c5\"><strong><span lang=\"FR\">Coop\u00e9ration douani\u00e8re bilat\u00e9rale<\/span><\/strong><\/span><span id=\"more-350570\"\/><\/p>\n<p>C\u2019est mercredi 8 juillet dernier que SE Claudia WIEDEY, Ambassadrice de l\u2019Union Europ\u00e9enne (UE), \u00e0 Rabat et Nabyl Lakhdar DG de l\u2019administration des Douanes et Imp\u00f4ts Indirects (ADII) ont ouvert la 12\u00e8me session du Comit\u00e9 de Coop\u00e9ration Douani\u00e8re Maroc-UE en visioconf\u00e9rence.<\/p>\n<p>L\u2019un \u00e0 Bruxelles, l\u2019autre \u00e0 Rabat, les deux hauts responsables ont soulign\u00e9 le caract\u00e8re durable et strat\u00e9gique du partenariat Maroc-UE. Le DG de l\u2019ADII a rappel\u00e9 que le Maroc est pr\u00eat \u00e0 donner un nouveau souffle \u00e0 la coop\u00e9ration douani\u00e8re bilat\u00e9rale. La session a \u00e9t\u00e9 ensuite co-pr\u00e9sid\u00e9e, du c\u00f4t\u00e9 de l\u2019UE, partie h\u00f4te, par Sabine Henzler, directrice des Affaires Internationales et G\u00e9n\u00e9rales \u00e0 la Commission Europ\u00e9enne, et du c\u00f4t\u00e9 marocain par Chafik Essalouh, directeur des Etudes et de la Coop\u00e9ration Internationale \u00e0 l\u2019ADII.<\/p>\n<p>L\u2019\u00e9change a port\u00e9, essentiellement, sur les derniers d\u00e9veloppements des l\u00e9gislations douani\u00e8res europ\u00e9enne et marocaine. D\u2019un autre c\u00f4t\u00e9, l\u2019axe suivant a concern\u00e9 la Convention r\u00e9gionale Pan Euro Med sur les r\u00e8gles d\u2019origine. Dans ce cadre, le Maroc pr\u00e9conise, notamment, une d\u00e9mat\u00e9rialisation totale des certificats d\u2019origine. Parmi les autres points d\u00e9battus, lors de cette 12\u00e8me session, impact\u00e9e par la pand\u00e9mie du Covid19 ; l\u2019\u00e9change de donn\u00e9es, la reconnaissance mutuelle des op\u00e9rateurs \u00e9conomiques agr\u00e9\u00e9s, la lutte contre les produits contrefaits ou pirat\u00e9s, l\u2019assistance administrative mutuelle et la coop\u00e9ration en mati\u00e8re d\u2019offre de formation, \u00e0 l\u2019adresse notamment des pays africains. Le nouvel Institut de Formation Douani\u00e8re, r\u00e9cemment inaugur\u00e9 \u00e0 Benslimane devra faciliter la mise en oeuvre des diff\u00e9rents projets li\u00e9s \u00e0 ces domaines. La partie marocaine a saisi l\u2019occasion, \u00e9galement, pour rappeler les efforts d\u00e9ploy\u00e9s pour lutter contre la contrefa\u00e7on \u00e0 travers l\u2019arsenal l\u00e9gislatif, r\u00e9glementaire et op\u00e9rationnel. A suivre\u2026<\/p>\n<p>Auteur: ALM<br \/>\n<a href=\"https:\/\/aujourdhui.ma\/economie\/ue-adii-une-12eme-session-sous-le-signe-de-la-relance\">Cliquez ici pour lire l&rsquo;article depuis sa source.<\/a><\/p>\n","protected":false},"excerpt":{"rendered":"<p>Coop\u00e9ration douani\u00e8re bilat\u00e9rale C\u2019est mercredi 8 juillet dernier que SE Claudia WIEDEY, Ambassadrice de l\u2019Union Europ\u00e9enne (UE), \u00e0 Rabat et Nabyl Lakhdar DG de l\u2019administration des Douanes et Imp\u00f4ts Indirects (ADII) ont ouvert la 12\u00e8me session du Comit\u00e9 de Coop\u00e9ration Douani\u00e8re Maroc-UE en visioconf\u00e9rence. L\u2019un \u00e0 Bruxelles, l\u2019autre \u00e0 Rabat, les deux hauts responsables ont [&hellip;]<\/p>\n","protected":false},"author":1759,"featured_media":92275,"comment_status":"closed","ping_status":"closed","sticky":false,"template":"","format":"standard","meta":{"fifu_image_url":"","fifu_image_alt":"","footnotes":""},"categories":[73,54],"tags":[],"class_list":["post-92274","post","type-post","status-publish","format-standard","has-post-thumbnail","hentry","category-actualite","category-maroc"],"_links":{"self":[{"href":"https:\/\/linitiative.ca\/International\/wp-json\/wp\/v2\/posts\/92274","targetHints":{"allow":["GET"]}}],"collection":[{"href":"https:\/\/linitiative.ca\/International\/wp-json\/wp\/v2\/posts"}],"about":[{"href":"https:\/\/linitiative.ca\/International\/wp-json\/wp\/v2\/types\/post"}],"author":[{"embeddable":true,"href":"https:\/\/linitiative.ca\/International\/wp-json\/wp\/v2\/users\/1759"}],"replies":[{"embeddable":true,"href":"https:\/\/linitiative.ca\/International\/wp-json\/wp\/v2\/comments?post=92274"}],"version-history":[{"count":0,"href":"https:\/\/linitiative.ca\/International\/wp-json\/wp\/v2\/posts\/92274\/revisions"}],"wp:featuredmedia":[{"embeddable":true,"href":"https:\/\/linitiative.ca\/International\/wp-json\/"}],"wp:attachment":[{"href":"https:\/\/linitiative.ca\/International\/wp-json\/wp\/v2\/media?parent=92274"}],"wp:term":[{"taxonomy":"category","embeddable":true,"href":"https:\/\/linitiative.ca\/International\/wp-json\/wp\/v2\/categories?post=92274"},{"taxonomy":"post_tag","embeddable":true,"href":"https:\/\/linitiative.ca\/International\/wp-json\/wp\/v2\/tags?post=92274"}],"curies":[{"name":"wp","href":"https:\/\/api.w.org\/{rel}","templated":true}]}}