{"id":92277,"date":"2020-07-14T10:48:49","date_gmt":"2020-07-14T14:48:49","guid":{"rendered":"https:\/\/linitiative.ca\/International\/%ef%bb%bf2020-annee-de-la-promotion-de-la-culture-de-la-concurrence\/"},"modified":"2020-07-14T10:48:49","modified_gmt":"2020-07-14T14:48:49","slug":"%ef%bb%bf2020-annee-de-la-promotion-de-la-culture-de-la-concurrence","status":"publish","type":"post","link":"https:\/\/linitiative.ca\/International\/%ef%bb%bf2020-annee-de-la-promotion-de-la-culture-de-la-concurrence\/","title":{"rendered":"\ufeff2020, ann\u00e9e de la promotion de la culture de la concurrence"},"content":{"rendered":"<p class=\"has-text-color has-vivid-red-color c2\"><strong>Conseil de la Concurrence<\/strong><\/p>\n<p class=\"has-text-color c3\"><strong>Le Conseil de la concurrence entend faire de l\u2019ann\u00e9e 2020, une ann\u00e9e de promotion de la culture de la concurrence dans le Royaume, \u00e0 travers un plan d\u2019action pr\u00e9voyant une strat\u00e9gie de communication de masse et de proximit\u00e9 visant \u00e0 informer, sensibiliser et mobiliser le grand public autour de l\u2019importance du respect et de la d\u00e9fense du droit de la concurrence, indique le Conseil dans son rapport annuel pour 2019.<\/strong><\/p>\n<p>Dans ce rapport rendu public lundi, le Conseil annonce une s\u00e9rie d\u2019initiatives et d\u2019actions qui t\u00e9moignent de sa volont\u00e9 de contribuer aux d\u00e9bats sur les questions de concurrence. Ainsi, en 2020, le Conseil envisage d\u2019organiser des activit\u00e9s visant \u00e0 fournir les \u00e9l\u00e9ments pouvant contribuer \u00e0 infl\u00e9chir les orientations \u00e9conomiques du Royaume dans le sens du renforcement des bonnes pratiques de la concurrence loyale, juste et \u00e9quitable.<\/p>\n<p>Ce faisant, le Conseil entend s\u2019inscrire dans une nouvelle dynamique de plaidoyer, int\u00e9grant \u00e0 la fois la port\u00e9e territoriale de l\u2019\u00e9cosyst\u00e8me national de la concurrence et le partenariat national et international, pr\u00e9cise le rapport.<\/p>\n<p>Dans ce cadre, le Conseil consacrera l\u2019ann\u00e9e 2020 \u00e0 la r\u00e9alisation d\u2019actions cibl\u00e9es, privil\u00e9giant des canaux \u00e0 large spectre. A cet effet, il pr\u00e9voit de mener des actions de sensibilisation, de communication et de formation destin\u00e9es \u00e0 promouvoir la culture de la concurrence au sein des diff\u00e9rents milieux concern\u00e9s par les questions de la concurrence \u00e0 l\u2019\u00e9chelle nationale et territoriale.<\/p>\n<p>Il compte aussi organiser des rencontres au niveau des 12 r\u00e9gions du Royaume afin de pr\u00e9senter ses missions, attributions et ses productions et renforcer l\u2019audience de ses travaux, assurer une large diffusion de ses publications, et accro\u00eetre sa pr\u00e9sence sur les r\u00e9seaux et m\u00e9dias sociaux (Facebook, Twitter, LinkedIn, Instagram, \u2026), en cr\u00e9ant un contenu adapt\u00e9 pour soutenir ses missions et ses objectifs (d\u00e9bats interactifs, bandes dessin\u00e9es, vid\u00e9os, \u2026).<\/p>\n<p>Le Conseil envisage \u00e9galement de produire des films institutionnels et des capsules th\u00e9matiques sur les grandes questions relatives \u00e0 la concurrence, lancer la publication d\u2019une lettre d\u2019information p\u00e9riodique et \u00e0 large diffusion, en format papier et \u00e9lectronique, portant sur l\u2019actualit\u00e9 du Conseil et de l\u2019\u00e9tat de la concurrence au Maroc et dans le monde, cr\u00e9er un m\u00e9dia club, r\u00e9unissant un groupe de journalistes sp\u00e9cialis\u00e9s, pour mieux cerner et analyser avec profondeur les questions ayant trait \u00e0 la concurrence.<\/p>\n<p>L\u2019introduction de nouvelles rubriques sur le portail web du Conseil, notamment un sondage, un forum de discussion, en vue d\u2019interagir avec les citoyens et l\u2019opinion publique nationale sur les questions de la concurrence fait aussi partie des actions que le Conseil de la concurrence pr\u00e9voit de mener dans ce cadre.<\/p>\n<p>Pour le Conseil de la Concurrence, ces actions visent \u00e0 informer, sensibiliser et de faire le plaidoyer \u00e0 des fins de pr\u00e9vention, selon une approche fond\u00e9e sur une communication de masse et de proximit\u00e9, aupr\u00e8s du monde de l\u2019entreprise, de la soci\u00e9t\u00e9 civile travaillant dans le domaine de la d\u00e9fense des droits du consommateur, et de l\u2019opinion publique nationale, en vue de les associer et de les impliquer dans sa strat\u00e9gie de promotion et d\u2019appropriation de la culture de la concurrence saine, juste et loyale.<\/p>\n<p>Auteur: M&rsquo;hammed rahal<br \/>\n<a href=\"http:\/\/albayane.press.ma\/%EF%BB%BF2020-annee-de-la-promotion-de-la-culture-de-la-concurrence.html\">Cliquez ici pour lire l&rsquo;article depuis sa source.<\/a><\/p>\n","protected":false},"excerpt":{"rendered":"<p>Conseil de la Concurrence Le Conseil de la concurrence entend faire de l\u2019ann\u00e9e 2020, une ann\u00e9e de promotion de la culture de la concurrence dans le Royaume, \u00e0 travers un plan d\u2019action pr\u00e9voyant une strat\u00e9gie de communication de masse et de proximit\u00e9 visant \u00e0 informer, sensibiliser et mobiliser le grand public autour de l\u2019importance du [&hellip;]<\/p>\n","protected":false},"author":1760,"featured_media":0,"comment_status":"closed","ping_status":"closed","sticky":false,"template":"","format":"standard","meta":{"fifu_image_url":"","fifu_image_alt":"","footnotes":""},"categories":[73,54],"tags":[],"class_list":["post-92277","post","type-post","status-publish","format-standard","hentry","category-actualite","category-maroc"],"_links":{"self":[{"href":"https:\/\/linitiative.ca\/International\/wp-json\/wp\/v2\/posts\/92277","targetHints":{"allow":["GET"]}}],"collection":[{"href":"https:\/\/linitiative.ca\/International\/wp-json\/wp\/v2\/posts"}],"about":[{"href":"https:\/\/linitiative.ca\/International\/wp-json\/wp\/v2\/types\/post"}],"author":[{"embeddable":true,"href":"https:\/\/linitiative.ca\/International\/wp-json\/wp\/v2\/users\/1760"}],"replies":[{"embeddable":true,"href":"https:\/\/linitiative.ca\/International\/wp-json\/wp\/v2\/comments?post=92277"}],"version-history":[{"count":0,"href":"https:\/\/linitiative.ca\/International\/wp-json\/wp\/v2\/posts\/92277\/revisions"}],"wp:attachment":[{"href":"https:\/\/linitiative.ca\/International\/wp-json\/wp\/v2\/media?parent=92277"}],"wp:term":[{"taxonomy":"category","embeddable":true,"href":"https:\/\/linitiative.ca\/International\/wp-json\/wp\/v2\/categories?post=92277"},{"taxonomy":"post_tag","embeddable":true,"href":"https:\/\/linitiative.ca\/International\/wp-json\/wp\/v2\/tags?post=92277"}],"curies":[{"name":"wp","href":"https:\/\/api.w.org\/{rel}","templated":true}]}}