{"id":92278,"date":"2020-07-14T11:08:50","date_gmt":"2020-07-14T15:08:50","guid":{"rendered":"https:\/\/linitiative.ca\/International\/%ef%bb%bfentre-le-souci-du-sauvetage-et-limperatif-de-relance\/"},"modified":"2020-07-14T11:08:50","modified_gmt":"2020-07-14T15:08:50","slug":"%ef%bb%bfentre-le-souci-du-sauvetage-et-limperatif-de-relance","status":"publish","type":"post","link":"https:\/\/linitiative.ca\/International\/%ef%bb%bfentre-le-souci-du-sauvetage-et-limperatif-de-relance\/","title":{"rendered":"\ufeffEntre le souci du sauvetage et l\u2019imp\u00e9ratif de relance"},"content":{"rendered":"<p class=\"has-text-color has-vivid-red-color c2\"><strong>Le projet de loi de Finances rectificative<\/strong><\/p>\n<p class=\"c3\"><strong>Par Abdeslam Seddiki<\/strong><\/p>\n<p class=\"has-text-color c4\"><strong>Une lecture attentive et r\u00e9fl\u00e9chie du projet de Loi de Finances rectificative (PLFR) qui vient d\u2019\u00eatre adopt\u00e9 par la Chambre des Repr\u00e9sentants avant de passer \u00e0 l\u2019examen par la Chambre des Conseillers, nous a amen\u00e9, dans un article pr\u00e9c\u00e9dent, \u00e0 faire un certain nombre d\u2019observations que nous rappellerons bri\u00e8vement\u00a0: \u00a0r\u00e9duction quasi-g\u00e9n\u00e9rale des budgets d\u2019investissement des diff\u00e9rents d\u00e9partements minist\u00e9riels (exception faite de l\u2019Int\u00e9rieur, de la Sant\u00e9, \u00a0et de l\u2019Administration de la D\u00e9fense), n\u00e9gligence de\u00a0 la pauvret\u00e9 et de\u00a0 la pr\u00e9carit\u00e9, \u00a0traitement insuffisant de l\u2019emploi et du ch\u00f4mage, absence de r\u00e9f\u00e9rence \u00e0 la transition \u00e9cologique, report sine die des r\u00e9formes de structure.<\/strong><\/p>\n<p>Par cons\u00e9quent, toutes les mesures annonc\u00e9es par ledit projet ont comme seul et unique\u00a0 objectif de sauver l\u2019outil de production en \u00abjonglant\u00bb avec les chiffres demeurant par moments impr\u00e9cis et manquant \u00a0souvent de signification et d\u2019intelligibilit\u00e9.<\/p>\n<p>Certes, on ne peut pas faire supporter \u00e0 une loi de finances rectificative plus qu\u2019elle ne peut contenir. Mais de l\u00e0 \u00e0 se limiter \u00e0 un exercice purement comptable et d\u2019actualisation des\u00a0 ratios budg\u00e9taires, reviendrait \u00e0 isoler ces mois qui nous s\u00e9parent de l\u2019ann\u00e9e 2021 de la trajectoire historique, sachant que l\u2019histoire est un processus cumulatif \u00a0fait d\u2019une chaine continue de faits et d\u2019un\u00a0 \u00a0enchev\u00eatrement \u00a0\u00e9troit d\u2019\u00e9v\u00e9nements, processus \u00a0\u00a0dans lequel coexistent les traces d\u2019un pass\u00e9 \u00a0ineffa\u00e7able et les perspectives d\u2019un avenir in\u00e9vitable.<\/p>\n<p>Or, force est de constater que \u00a0l\u2019essentiel de la note de pr\u00e9sentation est consacr\u00e9 au rappel de tout \u00a0ce qui a \u00e9t\u00e9 fait depuis l\u2019apparition de la pand\u00e9mie coronavirus et peu de choses ont \u00e9t\u00e9 dites sur ce qui reste \u00e0 faire\u00a0 et sur la mani\u00e8re de le faire. C\u2019est exactement \u00e0 ce niveau que le PLFR est critiquable. Bien s\u00fbr, Il ne s\u2019agit nullement \u00a0de se laisser prendre dans le pi\u00e8ge des simulations\u00a0 et de paris risqu\u00e9s sur un avenir forc\u00e9ment incertain, ni de se mettre en situation d\u2019impasse en voulant r\u00e9soudre une \u00e9quation \u00e0 plusieurs \u00a0inconnues. De toutes les fa\u00e7ons, \u00a0m\u00eame Einstein, s\u2019il \u00e9tait encore de ce monde, n\u2019y pourrait pas grand-chose!<\/p>\n<p>Par contre, il est demand\u00e9 plus de clart\u00e9 et de coh\u00e9rence sur ce qui doit \u00eatre fait d\u2019ici la fin de l\u2019ann\u00e9e d\u2019une part et \u00a0en inscrivant le\u00a0 tout dans une d\u00e9marche prospective \u00e0 moyen terme, afin de \u00a0marquer les \u00ab\u00a0pr\u00e9f\u00e9rences\u00a0 collectives \u00bb pour le meilleur des\u00a0 futurs possibles , pour ne pas parler de coupures d\u2019autre part. \u00a0Il\u00a0 s\u2019agirait, en somme, de rassurer le citoyen qui vit dans une angoisse permanente face au doute qui l\u2019entoure et aux interrogations permanentes qui le taraudent quant \u00e0 son avenir et \u00e0 celui de ses enfants. Ce qui aurait n\u00e9cessit\u00e9 la d\u00e9clinaison sous forme de titres de chapitres des grands chantiers de l\u2019apr\u00e8s et d\u2019esquisser \u00e0 grands traits les contours du Maroc de demain.<\/p>\n<p>En effet,\u00a0 il ne faut pas \u00a0perdre de vue les messages forts et les avertissements multiples que nous a adress\u00e9s la crise sanitaire actuelle qui n\u2019est pas, du reste, \u00e9trange au mod\u00e8le de d\u00e9veloppement \u00e0 l\u2019\u0153uvre. Si on ne tire pas suffisamment de le\u00e7ons de cette pand\u00e9mie, on aura perdu sur tous les fronts et le confinement auquel les populations furent astreintes n\u2019aura pas servi \u00e0 grand-chose. Nous avions tous, citoyens et administration, consenti des sacrifices\u00a0soit en nous\u00a0 privant de nos libert\u00e9s jusqu\u2019\u00e0 d\u00e9primer,\u00a0 soit en perdant notre emploi pour survivre d\u2019une indemnit\u00e9 modique, soit en nous s\u00e9parant de nos familles et de personnes qui nous apportent beaucoup d\u2019affection et de r\u00e9confort\u2026 Tout le monde a support\u00e9 de tels sacrifices dans l\u2019espoir\u00a0 de vivre par la suite des jours \u00a0meilleurs. A examiner de plus pr\u00e8s le PLFR, on\u00a0 a l\u2019impression que ces messages n\u2019ont pas bien \u00e9t\u00e9 entendus et assimil\u00e9s.<\/p>\n<p>Enfin de compte, nous n\u2019attendons pas du gouvernement l\u2019eldorado\u00a0! Chacun sait combien les temps qui courent sont difficiles. Il faudrait \u00eatre myope et sourd \u00a0pour se bercer dans des illusions b\u00e9ates et s\u2019attendre aux miracles. Mais, il n\u2019en demeure pas moins que la crise doit \u00eatre saisie comme une opportunit\u00e9 de changement de vision, comme le pr\u00e9conise tr\u00e8s opportun\u00e9ment le HCP dans sa derni\u00e8re livraison sur le budget exploratoire 2021\u00a0: \u00abmalgr\u00e9 son effet n\u00e9faste, cette crise repr\u00e9sente des opportunit\u00e9s r\u00e9elles pour mettre en place des r\u00e9formes structurelles et op\u00e9rer des changements profonds dans la vision globale des politiques \u00e9conomiques et soci\u00e9tales mises en vigueur\u00bb. N\u2019est-ce pas l\u00e0 que r\u00e9side la v\u00e9ritable \u00e9quation que le gouvernement est appel\u00e9\u00a0 \u00e0 r\u00e9soudre\u00a0? C\u2019est une simple\u00a0 \u00e9quation de premier degr\u00e9 avec une seule inconnue, \u00e0 savoir les v\u00e9ritables intentions de l\u2019\u00e9quipe gouvernementale en place!!<\/p>\n<p>Auteur: M&rsquo;hammed rahal<br \/>\n<a href=\"http:\/\/albayane.press.ma\/%EF%BB%BFentre-le-souci-du-sauvetage-et-limperatif-de-relance.html\">Cliquez ici pour lire l&rsquo;article depuis sa source.<\/a><\/p>\n","protected":false},"excerpt":{"rendered":"<p>Le projet de loi de Finances rectificative Par Abdeslam Seddiki Une lecture attentive et r\u00e9fl\u00e9chie du projet de Loi de Finances rectificative (PLFR) qui vient d\u2019\u00eatre adopt\u00e9 par la Chambre des Repr\u00e9sentants avant de passer \u00e0 l\u2019examen par la Chambre des Conseillers, nous a amen\u00e9, dans un article pr\u00e9c\u00e9dent, \u00e0 faire un certain nombre d\u2019observations [&hellip;]<\/p>\n","protected":false},"author":1760,"featured_media":0,"comment_status":"closed","ping_status":"closed","sticky":false,"template":"","format":"standard","meta":{"fifu_image_url":"","fifu_image_alt":"","footnotes":""},"categories":[73,54],"tags":[],"class_list":["post-92278","post","type-post","status-publish","format-standard","hentry","category-actualite","category-maroc"],"_links":{"self":[{"href":"https:\/\/linitiative.ca\/International\/wp-json\/wp\/v2\/posts\/92278","targetHints":{"allow":["GET"]}}],"collection":[{"href":"https:\/\/linitiative.ca\/International\/wp-json\/wp\/v2\/posts"}],"about":[{"href":"https:\/\/linitiative.ca\/International\/wp-json\/wp\/v2\/types\/post"}],"author":[{"embeddable":true,"href":"https:\/\/linitiative.ca\/International\/wp-json\/wp\/v2\/users\/1760"}],"replies":[{"embeddable":true,"href":"https:\/\/linitiative.ca\/International\/wp-json\/wp\/v2\/comments?post=92278"}],"version-history":[{"count":0,"href":"https:\/\/linitiative.ca\/International\/wp-json\/wp\/v2\/posts\/92278\/revisions"}],"wp:attachment":[{"href":"https:\/\/linitiative.ca\/International\/wp-json\/wp\/v2\/media?parent=92278"}],"wp:term":[{"taxonomy":"category","embeddable":true,"href":"https:\/\/linitiative.ca\/International\/wp-json\/wp\/v2\/categories?post=92278"},{"taxonomy":"post_tag","embeddable":true,"href":"https:\/\/linitiative.ca\/International\/wp-json\/wp\/v2\/tags?post=92278"}],"curies":[{"name":"wp","href":"https:\/\/api.w.org\/{rel}","templated":true}]}}