{"id":92279,"date":"2020-07-14T11:13:45","date_gmt":"2020-07-14T15:13:45","guid":{"rendered":"https:\/\/linitiative.ca\/International\/ait-taleb-met-en-garde-contre-tout-relachement\/"},"modified":"2020-07-14T11:13:45","modified_gmt":"2020-07-14T15:13:45","slug":"ait-taleb-met-en-garde-contre-tout-relachement","status":"publish","type":"post","link":"https:\/\/linitiative.ca\/International\/ait-taleb-met-en-garde-contre-tout-relachement\/","title":{"rendered":"Ait Taleb met en garde contre tout rel\u00e2chement"},"content":{"rendered":"<p class=\"has-text-color has-vivid-red-color c2\"><strong>Lutte contre la propagation de la Covid-19<\/strong><\/p>\n<p class=\"has-text-color c3\"><strong>Le ministre de la sant\u00e9 Khalid Ait Taleb a mis en garde, mardi \u00e0 Rabat, contre tout rel\u00e2chement dans le respect des mesures sanitaires et pr\u00e9ventives mises en place par les autorit\u00e9s publiques pour lutter contre la propagation de la Covid-19.<\/strong><\/p>\n<p>\u201cUn rel\u00e2chement face aux mesures sanitaires a \u00e9t\u00e9 constat\u00e9 derni\u00e8rement\u201d, a d\u00e9plor\u00e9 M. Ait Taleb, soulignant la n\u00e9cessit\u00e9 de respecter scrupuleusement les mesures de pr\u00e9vention pr\u00e9conis\u00e9es par les autorit\u00e9s (port du masques, respect de la distanciation) afin de lutter contre la propagation de la pand\u00e9mie du coronavirus.<\/p>\n<p>\u201cLa situation \u00e9pid\u00e9miologique a chang\u00e9 au Maroc et dans le monde entier\u201d, a-t-il dit, exprimant son inqui\u00e9tude face \u00e0 l\u2019augmentation des cas de d\u00e9c\u00e8s et de contamination graves \u00e0 la Covid-19.<\/p>\n<p>A cet \u00e9gard, le ministre a appel\u00e9 les citoyens \u00e0 redoubler de vigilance et \u00e0 faire preuve de responsabilit\u00e9 et de solidarit\u00e9, notamment avec l\u2019approche des rentr\u00e9es scolaires et universitaires, affirmant que l\u2019\u00e9pid\u00e9mie n\u2019est pas termin\u00e9e.<\/p>\n<p>\u201cLes r\u00e9sultats obtenus jusqu\u2019\u00e0 pr\u00e9sent par le Royaume ont \u00e9t\u00e9 salu\u00e9s par la communaut\u00e9 internationale, du fait que le Maroc enregistre le taux de l\u00e9talit\u00e9 le plus faible au monde\u201d, s\u2019est f\u00e9licit\u00e9 M. Ait Taleb, attribuant ces acquis aux efforts d\u00e9ploy\u00e9s par toutes les parties prenantes, en particulier le citoyen marocain.<\/p>\n<p>\u201cIl serait dommage de perdre tous ces r\u00e9sultats et sacrifices consentis jusqu\u2019\u00e0 aujourd\u2019hui\u201d, lance-t-il, mettant en exergue \u201cl\u2019h\u00e9t\u00e9rog\u00e9n\u00e9it\u00e9\u201d de la situation \u00e9pid\u00e9miologique du Royaume.<\/p>\n<p>En effet, suite au rel\u00e2chement des citoyens dans le respect et l\u2019adoption des mesures barri\u00e8res \u00e9tablies, la situation dans certaines provinces du Royaume \u201csort un peu de la maitrise\u201d par rapport \u00e0 d\u2019autres, a-t-il indiqu\u00e9, notant que les personnes asymptomatiques peuvent propager le virus sans s\u2019en rendre compte, d\u2019o\u00f9 l\u2019importance primordiale du port du masque de protection.<\/p>\n<p>Le responsable gouvernemental a r\u00e9it\u00e9r\u00e9 son appel \u00e0 l\u2019ensemble des citoyens pour se conformer strictement aux mesures pr\u00e9ventives, en portant le masque de protection, en respectant la distanciation physique, lavant r\u00e9guli\u00e8rement les mains et \u00e9vitant les rassemblement, incitant les personnes \u00e2g\u00e9es ou souffrant de maladies chroniques de redoubler de prudence.<\/p>\n<p>Il a en outre invit\u00e9 les personnes pr\u00e9sentant des sympt\u00f4mes \u00e9voquant une infection au coronavirus, notamment la temp\u00e9rature \u00e9lev\u00e9e, la toux, la perte d\u2019odorat et les difficult\u00e9s respiratoires, \u00e0 se pr\u00e9senter \u00e0 la structure sanitaire la plus proche ou \u00e0 contacter rapidement les services \u201cAllo Yakada 080 100 47 47, \u201cAll\u00f4 SAMU 141\u2033ou Allo 300.<\/p>\n<p>Lundi, le minist\u00e8re a lanc\u00e9 un appel aux citoyens les invitant \u00e0 respecter les mesures de pr\u00e9vention d\u00e9cid\u00e9es pour lutter contre le coronavirus, face \u00e0 l\u2019augmentation du nombre de d\u00e9c\u00e8s et de cas critiques, enregistr\u00e9e ces derniers jours.<\/p>\n<p>Le minist\u00e8re indique que le nombre croissant des d\u00e9c\u00e8s et des cas critiques d\u2019infection \u00e0 la Covid-19, enregistr\u00e9s durant la deuxi\u00e8me phase de la lev\u00e9e progressive des mesures de confinement, est d\u00fb au non respect des mesures pr\u00e9ventives instaur\u00e9es par les autorit\u00e9s, notamment le port obligatoire de masque, le respect de la distanciation physique, le lavage r\u00e9gulier des mains et l\u2019utilisation de l\u2019application \u201cwiqaytna\u201d.<\/p>\n<p>Auteur: M&rsquo;hammed rahal<br \/>\n<a href=\"http:\/\/albayane.press.ma\/ait-taleb-met-en-garde-contre-tout-relachement.html\">Cliquez ici pour lire l&rsquo;article depuis sa source.<\/a><\/p>\n","protected":false},"excerpt":{"rendered":"<p>Lutte contre la propagation de la Covid-19 Le ministre de la sant\u00e9 Khalid Ait Taleb a mis en garde, mardi \u00e0 Rabat, contre tout rel\u00e2chement dans le respect des mesures sanitaires et pr\u00e9ventives mises en place par les autorit\u00e9s publiques pour lutter contre la propagation de la Covid-19. \u201cUn rel\u00e2chement face aux mesures sanitaires a [&hellip;]<\/p>\n","protected":false},"author":1760,"featured_media":0,"comment_status":"closed","ping_status":"closed","sticky":false,"template":"","format":"standard","meta":{"fifu_image_url":"","fifu_image_alt":"","footnotes":""},"categories":[73,54],"tags":[],"class_list":["post-92279","post","type-post","status-publish","format-standard","hentry","category-actualite","category-maroc"],"_links":{"self":[{"href":"https:\/\/linitiative.ca\/International\/wp-json\/wp\/v2\/posts\/92279","targetHints":{"allow":["GET"]}}],"collection":[{"href":"https:\/\/linitiative.ca\/International\/wp-json\/wp\/v2\/posts"}],"about":[{"href":"https:\/\/linitiative.ca\/International\/wp-json\/wp\/v2\/types\/post"}],"author":[{"embeddable":true,"href":"https:\/\/linitiative.ca\/International\/wp-json\/wp\/v2\/users\/1760"}],"replies":[{"embeddable":true,"href":"https:\/\/linitiative.ca\/International\/wp-json\/wp\/v2\/comments?post=92279"}],"version-history":[{"count":0,"href":"https:\/\/linitiative.ca\/International\/wp-json\/wp\/v2\/posts\/92279\/revisions"}],"wp:attachment":[{"href":"https:\/\/linitiative.ca\/International\/wp-json\/wp\/v2\/media?parent=92279"}],"wp:term":[{"taxonomy":"category","embeddable":true,"href":"https:\/\/linitiative.ca\/International\/wp-json\/wp\/v2\/categories?post=92279"},{"taxonomy":"post_tag","embeddable":true,"href":"https:\/\/linitiative.ca\/International\/wp-json\/wp\/v2\/tags?post=92279"}],"curies":[{"name":"wp","href":"https:\/\/api.w.org\/{rel}","templated":true}]}}