{"id":92280,"date":"2020-07-14T11:19:57","date_gmt":"2020-07-14T15:19:57","guid":{"rendered":"https:\/\/linitiative.ca\/International\/%ef%bb%bfle-cafe-maure-de-la-kasbah-des-oudayas-rase\/"},"modified":"2020-07-14T11:19:57","modified_gmt":"2020-07-14T15:19:57","slug":"%ef%bb%bfle-cafe-maure-de-la-kasbah-des-oudayas-rase","status":"publish","type":"post","link":"https:\/\/linitiative.ca\/International\/%ef%bb%bfle-cafe-maure-de-la-kasbah-des-oudayas-rase\/","title":{"rendered":"\ufeffLe caf\u00e9 maure de la Kasbah des Oudayas ras\u00e9"},"content":{"rendered":"<p class=\"has-text-color c2\"><strong>Lieu embl\u00e9matique de la m\u00e9moire de Rabat<\/strong><\/p>\n<p class=\"c3\"><strong>Mohamed Nait Youssef<\/strong><\/p>\n<p class=\"has-text-color has-background has-very-light-gray-color has-vivid-red-background-color\"><strong>D\u00e9molition ou restauration? Le caf\u00e9 maure de la Kasbah des Oudayas, lieu important de la m\u00e9moire collective de Rabat, fait l\u2019objet d\u2019une importante controverse.<\/strong><\/p>\n<p>En effet, les images relay\u00e9es sur les r\u00e9seaux sociaux de l\u2019\u00e9tat de sant\u00e9 de ce bout de l\u2019histoire architecturel et patrimonial donnent froid dans le dos.<\/p>\n<p>Dans cette optique, des internautes ont exprim\u00e9 leur m\u00e9contentement de ce changement radical\u00a0 qu\u2019a subi ce lieu embl\u00e9matique de la m\u00e9moire collective de la capitale, situ\u00e9 au c\u0153ur de la Kasbah.<\/p>\n<p>Contact\u00e9 par Al Bayane, le directeur du patrimoine culturel au minist\u00e8re de la Culture,\u00a0 Youssef Khyara, a soulign\u00e9 que se sont Rabat\u00a0 am\u00e9nagements et la fondation nationale des mus\u00e9es qui ont ma\u00eetrise d\u2019Ouvrage de ce projet et non le minist\u00e8re. \u00abJe ne suis pas habilit\u00e9 \u00e0 discuter de ce sujet\u00bb, a-t-il affirm\u00e9.<\/p>\n<p>Selon Mehdi Qotbi, pr\u00e9sident de la Fondation Nationale des Mus\u00e9es du Maroc, c\u2019est la Wilaya\u00a0 qui est charg\u00e9e dans le cadre de Rabat am\u00e9nagement de ce projet. \u00abTout est pris en charge par la Wilaya dans le cadre de Rabat am\u00e9nagement\u00bb, a-t-il expliqu\u00e9 au journal.<\/p>\n<p>R\u00e9put\u00e9 par son th\u00e9 \u00e0 la menthe avec des g\u00e2teaux marocains, le caf\u00e9 maure de la Kasbah des Oudayas est l\u2019un des lieux mythique \u00e0 la fois touristique et historique de la ville de Rabat.<\/p>\n<p>Auteur: M&rsquo;hammed rahal<br \/>\n<a href=\"http:\/\/albayane.press.ma\/%EF%BB%BFle-cafe-maure-de-la-kasbah-des-oudayas-rase.html\">Cliquez ici pour lire l&rsquo;article depuis sa source.<\/a><\/p>\n","protected":false},"excerpt":{"rendered":"<p>Lieu embl\u00e9matique de la m\u00e9moire de Rabat Mohamed Nait Youssef D\u00e9molition ou restauration? Le caf\u00e9 maure de la Kasbah des Oudayas, lieu important de la m\u00e9moire collective de Rabat, fait l\u2019objet d\u2019une importante controverse. En effet, les images relay\u00e9es sur les r\u00e9seaux sociaux de l\u2019\u00e9tat de sant\u00e9 de ce bout de l\u2019histoire architecturel et patrimonial [&hellip;]<\/p>\n","protected":false},"author":1760,"featured_media":0,"comment_status":"closed","ping_status":"closed","sticky":false,"template":"","format":"standard","meta":{"fifu_image_url":"","fifu_image_alt":"","footnotes":""},"categories":[73,54],"tags":[],"class_list":["post-92280","post","type-post","status-publish","format-standard","hentry","category-actualite","category-maroc"],"_links":{"self":[{"href":"https:\/\/linitiative.ca\/International\/wp-json\/wp\/v2\/posts\/92280","targetHints":{"allow":["GET"]}}],"collection":[{"href":"https:\/\/linitiative.ca\/International\/wp-json\/wp\/v2\/posts"}],"about":[{"href":"https:\/\/linitiative.ca\/International\/wp-json\/wp\/v2\/types\/post"}],"author":[{"embeddable":true,"href":"https:\/\/linitiative.ca\/International\/wp-json\/wp\/v2\/users\/1760"}],"replies":[{"embeddable":true,"href":"https:\/\/linitiative.ca\/International\/wp-json\/wp\/v2\/comments?post=92280"}],"version-history":[{"count":0,"href":"https:\/\/linitiative.ca\/International\/wp-json\/wp\/v2\/posts\/92280\/revisions"}],"wp:attachment":[{"href":"https:\/\/linitiative.ca\/International\/wp-json\/wp\/v2\/media?parent=92280"}],"wp:term":[{"taxonomy":"category","embeddable":true,"href":"https:\/\/linitiative.ca\/International\/wp-json\/wp\/v2\/categories?post=92280"},{"taxonomy":"post_tag","embeddable":true,"href":"https:\/\/linitiative.ca\/International\/wp-json\/wp\/v2\/tags?post=92280"}],"curies":[{"name":"wp","href":"https:\/\/api.w.org\/{rel}","templated":true}]}}