{"id":92282,"date":"2020-07-14T06:32:15","date_gmt":"2020-07-14T10:32:15","guid":{"rendered":"https:\/\/linitiative.ca\/International\/lancement-du-rapport-perspectives-economiques-en-afrique-du-nord-edition-2020\/"},"modified":"2020-07-14T06:32:15","modified_gmt":"2020-07-14T10:32:15","slug":"lancement-du-rapport-perspectives-economiques-en-afrique-du-nord-edition-2020","status":"publish","type":"post","link":"https:\/\/linitiative.ca\/International\/lancement-du-rapport-perspectives-economiques-en-afrique-du-nord-edition-2020\/","title":{"rendered":"Lancement du rapport \u00ab Perspectives \u00e9conomiques en Afrique du Nord \u00bb (\u00e9dition 2020)"},"content":{"rendered":"<table class=\"c2\">\n<tbody>\n<tr>\n<td><strong><em>Sa troisi\u00e8me et nouvelle \u00e9dition a pour th\u00e8me : \u00ab La main d\u2019\u0153uvre et les comp\u00e9tences pour l\u2019avenir en Afrique du Nord \u00bb<\/em><\/strong><\/td>\n<\/tr>\n<tr>\n<td>ABIDJAN, C\u00f4te d\u2019Ivoire, 14 juillet 2020\/ \u2014\u00a0<strong>Quoi\u00a0?<\/strong>\u00a0Lancement du rapport \u00ab\u00a0Perspectives \u00e9conomiques en Afrique du Nord 2020\u00a0\u00bb<\/p>\n<p><strong>Qui\u00a0?<\/strong>\u00a0Bureau de la Banque africaine de d\u00e9veloppement pour l\u2019Afrique du Nord<\/p>\n<p><strong>Quand\u00a0?\u00a0<\/strong>Mardi 14 juillet 2020,15h-17h30 (heure de Tunis)<\/p>\n<p><strong>O\u00f9\u00a0?<\/strong>\u00a0Visioconf\u00e9rence via le service Zoom<\/p>\n<p>Le Bureau r\u00e9gional de la Banque africaine de d\u00e9veloppement (<a href=\"http:\/\/www.afdb.org\/\" data-saferedirecturl=\"https:\/\/www.google.com\/url?q=http:\/\/www.AfDB.org&amp;source=gmail&amp;ust=1594808528943000&amp;usg=AFQjCNHxUf3H-LQJ4JrGMoGSqPwyOp1nJw\">www.AfDB.org<\/a>) pour l\u2019Afrique du Nord proc\u00e9dera, mardi 14 juillet, au lancement virtuel de l\u2019\u00e9dition 2020 du rapport \u00ab\u00a0Perspectives \u00e9conomiques en Afrique du Nord\u00a0\u00bb.<\/p>\n<p>Le document, qui figure parmi les publications phares de la Banque, offre une vue d\u2019ensemble des \u00e9conomies nord-africaines en proposant une approche r\u00e9gionale du d\u00e9veloppement. Sa troisi\u00e8me et nouvelle \u00e9dition a pour th\u00e8me\u00a0: \u00ab La main d\u2019\u0153uvre et les comp\u00e9tences pour l\u2019avenir en Afrique du Nord \u00bb.<\/p>\n<p>La visioconf\u00e9rence permettra de d\u00e9cliner les principales conclusions de l\u2019\u00e9dition 2020 du rapport, d\u2019exposer les pr\u00e9visions macro\u00e9conomiques de la Banque dans le contexte de la pand\u00e9mie de Covid-19, et d\u2019aborder la partie th\u00e9matique consacr\u00e9e au d\u00e9veloppement des comp\u00e9tences en Afrique du Nord.<strong>\u00a0<\/strong>Un panel de haut niveau r\u00e9unira ensuite des ministres de la r\u00e9gion pour \u00e9changer sur les voies et moyens de pr\u00e9parer les prochaines g\u00e9n\u00e9rations aux m\u00e9tiers induits par la quatri\u00e8me r\u00e9volution industrielle.<\/p>\n<p>La pr\u00e9sentation du rapport sera faite par Emmanuel Pinto Moreira, directeur des \u00e9conomies-pays, et Audrey Verdier-Chouchane, \u00e9conomiste r\u00e9gionale pour l\u2019Afrique du Nord, en pr\u00e9sence de la directrice g\u00e9n\u00e9rale adjointe de la Banque pour la r\u00e9gion Afrique du Nord, Yacine Diama Fal.<\/p>\n<p>Des repr\u00e9sentants des autorit\u00e9s des pays de la r\u00e9gion, du secteur priv\u00e9, d\u2019institutions nationales et r\u00e9gionales partenaires et des m\u00e9dias sont convi\u00e9s au lancement virtuel de la publication.<\/p>\n<p>Veuillez\u00a0<a href=\"https:\/\/afdb.zoom.us\/j\/93908942262?pwd=QlhGZ1B4Y3UzNFdDZTg3T3JzY3hvZz09\" data-saferedirecturl=\"https:\/\/www.google.com\/url?q=https:\/\/afdb.zoom.us\/j\/93908942262?pwd%3DQlhGZ1B4Y3UzNFdDZTg3T3JzY3hvZz09&amp;source=gmail&amp;ust=1594808528943000&amp;usg=AFQjCNFpIPZwpZTBrNVlmDtGR7F7pw13Lw\">cliquer ici<\/a>\u00a0(<a href=\"https:\/\/bit.ly\/32m7vt7\" data-saferedirecturl=\"https:\/\/www.google.com\/url?q=https:\/\/bit.ly\/32m7vt7&amp;source=gmail&amp;ust=1594808528943000&amp;usg=AFQjCNHFLKNF0dCGv4K3otjE-y1JVz5bwA\">https:\/\/bit.ly\/32m7vt7<\/a>)\u00a0pour vous inscrire au webinaire.<\/p>\n<p><em>Distribu\u00e9 par APO Group pour African Development Bank Group (AfDB).<\/em><\/p>\n<p><em>\u00a0<\/em><\/p>\n<p><strong>Contact presse\u00a0:\u00a0<\/strong><\/p>\n<p>Fahd Belbachir<\/p>\n<p>Charg\u00e9 sup\u00e9rieur des relations ext\u00e9rieures et de la Communication<\/p>\n<p><u><a href=\"mailto:f.belbachir@afdb.org\">f.belbachir@afdb.org<\/a><\/u><\/p>\n<p><strong>\u00a0<\/strong><\/p>\n<p><strong>Contact technique\u00a0:<\/strong><\/p>\n<p>Audrey Verdier-Chouchane<\/p>\n<p>Economiste sp\u00e9cialiste en Chef pour l\u2019Afrique du Nord<\/p>\n<p><strong>\u00c0 propos du Groupe de la Banque africaine de d\u00e9veloppement\u00a0:<\/strong><\/p>\n<p>Le Groupe de la Banque africaine de d\u00e9veloppement (BAD) (<a href=\"http:\/\/www.afdb.org\/\" data-saferedirecturl=\"https:\/\/www.google.com\/url?q=http:\/\/www.AfDB.org&amp;source=gmail&amp;ust=1594808528943000&amp;usg=AFQjCNHxUf3H-LQJ4JrGMoGSqPwyOp1nJw\">www.AfDB.org<\/a>) est la premi\u00e8re institution de financement du d\u00e9veloppement en Afrique. Elle comprend trois entit\u00e9s distinctes : la Banque africaine de d\u00e9veloppement (BAD), le Fonds africain de d\u00e9veloppement (FAD) et le Fonds sp\u00e9cial du Nigeria (FSN). Pr\u00e9sente sur le terrain dans 41 pays africains et dot\u00e9e d\u2019un bureau ext\u00e9rieur au Japon, la Banque contribue au d\u00e9veloppement \u00e9conomique et au progr\u00e8s social de ses 54 \u00c9tats membres r\u00e9gionaux. Pour plus d\u2019informations\u00a0:\u00a0<a href=\"http:\/\/www.afdb.org\/\" data-saferedirecturl=\"https:\/\/www.google.com\/url?q=http:\/\/www.AfDB.org&amp;source=gmail&amp;ust=1594808528943000&amp;usg=AFQjCNHxUf3H-LQJ4JrGMoGSqPwyOp1nJw\">www.AfDB.org<\/a><\/p>\n<p class=\"c1\"><strong>SOURCE<\/strong><br \/>African Development Bank Group (AfDB)<\/p>\n<\/td>\n<\/tr>\n<\/tbody>\n<\/table>\n<div class=\"wp-post-author-wrap wp-post-author-shortcode left\">\n<h3 class=\"awpa-title\"\/>\n<div class=\"wp-post-author\">\n<div class=\"awpa-img awpa-author-block square\"><a href=\"http:\/\/lexpertjournal.net\/fr\/?author=5\"><img loading=\"lazy\" decoding=\"async\" alt=\"\" src=\"http:\/\/0.gravatar.com\/avatar\/97f8e10a1c1125ba104a76514ee07b16?s=150&amp;d=mm&amp;r=g\" srcset=\"http:\/\/0.gravatar.com\/avatar\/97f8e10a1c1125ba104a76514ee07b16?s=300&amp;d=mm&amp;r=g 2x\" class=\"avatar avatar-150 photo\" height=\"150\" width=\"150\"\/><\/a><\/div>\n<\/div>\n<\/div>\n<aside class=\"mashsb-container mashsb-main mashsb-stretched\">\n<\/aside>\n<p>Auteur: L&rsquo;expert<br \/>\n<a href=\"http:\/\/lexpertjournal.net\/fr\/?p=15724\">Cliquez ici pour lire l&rsquo;article depuis sa source.<\/a><\/p>\n","protected":false},"excerpt":{"rendered":"<p>Sa troisi\u00e8me et nouvelle \u00e9dition a pour th\u00e8me : \u00ab La main d\u2019\u0153uvre et les comp\u00e9tences pour l\u2019avenir en Afrique du Nord \u00bb ABIDJAN, C\u00f4te d\u2019Ivoire, 14 juillet 2020\/ \u2014\u00a0Quoi\u00a0?\u00a0Lancement du rapport \u00ab\u00a0Perspectives \u00e9conomiques en Afrique du Nord 2020\u00a0\u00bb Qui\u00a0?\u00a0Bureau de la Banque africaine de d\u00e9veloppement pour l\u2019Afrique du Nord Quand\u00a0?\u00a0Mardi 14 juillet 2020,15h-17h30 (heure [&hellip;]<\/p>\n","protected":false},"author":1775,"featured_media":0,"comment_status":"closed","ping_status":"closed","sticky":false,"template":"","format":"standard","meta":{"fifu_image_url":"","fifu_image_alt":"","footnotes":""},"categories":[78,55],"tags":[],"class_list":["post-92282","post","type-post","status-publish","format-standard","hentry","category-economie","category-tunisie"],"_links":{"self":[{"href":"https:\/\/linitiative.ca\/International\/wp-json\/wp\/v2\/posts\/92282","targetHints":{"allow":["GET"]}}],"collection":[{"href":"https:\/\/linitiative.ca\/International\/wp-json\/wp\/v2\/posts"}],"about":[{"href":"https:\/\/linitiative.ca\/International\/wp-json\/wp\/v2\/types\/post"}],"author":[{"embeddable":true,"href":"https:\/\/linitiative.ca\/International\/wp-json\/wp\/v2\/users\/1775"}],"replies":[{"embeddable":true,"href":"https:\/\/linitiative.ca\/International\/wp-json\/wp\/v2\/comments?post=92282"}],"version-history":[{"count":0,"href":"https:\/\/linitiative.ca\/International\/wp-json\/wp\/v2\/posts\/92282\/revisions"}],"wp:attachment":[{"href":"https:\/\/linitiative.ca\/International\/wp-json\/wp\/v2\/media?parent=92282"}],"wp:term":[{"taxonomy":"category","embeddable":true,"href":"https:\/\/linitiative.ca\/International\/wp-json\/wp\/v2\/categories?post=92282"},{"taxonomy":"post_tag","embeddable":true,"href":"https:\/\/linitiative.ca\/International\/wp-json\/wp\/v2\/tags?post=92282"}],"curies":[{"name":"wp","href":"https:\/\/api.w.org\/{rel}","templated":true}]}}