{"id":92291,"date":"2020-07-13T18:10:07","date_gmt":"2020-07-13T22:10:07","guid":{"rendered":"https:\/\/linitiative.ca\/International\/le-capitaine-de-locs-signe-un-contrat-professionnel-au-sccm\/"},"modified":"2020-07-13T18:10:07","modified_gmt":"2020-07-13T22:10:07","slug":"le-capitaine-de-locs-signe-un-contrat-professionnel-au-sccm","status":"publish","type":"post","link":"https:\/\/linitiative.ca\/International\/le-capitaine-de-locs-signe-un-contrat-professionnel-au-sccm\/","title":{"rendered":"Le capitaine de l\u2019OCS signe un contrat professionnel au SCCM"},"content":{"rendered":"<div class=\"single-featured\"><img alt=\"\" data-src=\"http:\/\/www.mapmarrakech.ma\/map\/uploads\/2020\/07\/ocs-mourabit-copier.jpg\"\/><\/div>\n<div class=\"single-post-excerpt post-excerpt-bc\" readability=\"36\">\n<p>Safi \u2013 Le capitaine de l\u2019Olympique de Safi (OCS), Mohamed El Mourabit vient de signer un contrat professionnel de 3 ans au Chabab Mohamm\u00e9dia (SCCM), club \u00e9voluant actuellement \u00e0 la Botola Pro D2.<\/p>\n<\/div>\n<div class=\"entry-content clearfix single-post-content\" readability=\"61\">\n<p>El Mourabit \u00e9voluera avec le SCCM d\u00e8s la saison sportive prochaine 2020-2021. En attendant l\u2019entr\u00e9e en vigueur du contrat, ce joueur finira le championnat actuel dans les rangs de l\u2019OCS.<\/p>\n<p>\u00ab\u00a0La transaction li\u00e9e \u00e0 ce Contrat s\u2019est d\u00e9roul\u00e9e dans la plus grande transparence\u00a0\u00bb, font savoir les dirigeants du club Safiote.<\/p>\n<p>\u00ab\u00a0Le contrat privil\u00e9gie l\u2019int\u00e9r\u00eat du joueur en premier lieu\u00a0\u00bb, ont-ils ajout\u00e9, pr\u00e9cisant que l\u2019OCS voue un grand respect \u00e0 toutes les \u00e9quipes nationales qui d\u00e9siraient s\u2019attacher les services du capitaine de l\u2019\u00e9quipe safiote.<\/p>\n<p>Le SCCM, occupe actuellement la premi\u00e8re place du classement de la Botola Pro D2 ex \u00e6quo avec le Maghreb de F\u00e8s (MAS), avec 39 points, \u00e0 quatre longueurs du 3e, le Racing Athletic Club (RAC).<\/p>\n<p>N\u00e9 en 1998, El Mourabit, qui est actuellement au summum de son art, joue avec l\u2019OCS depuis la saison sportive 2015-2016.<\/p>\n<p>Cet attaquant international qui a jou\u00e9 en \u00e9quipe nationale U23, a r\u00e9ussi \u00e0 s\u2019imposer au sein de l\u2019\u00e9quipe safiote et \u00e0 devenir le chouchou des supporters.<\/p>\n<\/div>\n<p>Auteur: Meriem IGASS<br \/>\n<a href=\"http:\/\/www.mapmarrakech.ma\/fr\/le-capitaine-de-locs-signe-un-contrat-professionnel-au-sccm\/\">Cliquez ici pour lire l&rsquo;article depuis sa source.<\/a><\/p>\n","protected":false},"excerpt":{"rendered":"<p>Safi \u2013 Le capitaine de l\u2019Olympique de Safi (OCS), Mohamed El Mourabit vient de signer un contrat professionnel de 3 ans au Chabab Mohamm\u00e9dia (SCCM), club \u00e9voluant actuellement \u00e0 la Botola Pro D2. El Mourabit \u00e9voluera avec le SCCM d\u00e8s la saison sportive prochaine 2020-2021. En attendant l\u2019entr\u00e9e en vigueur du contrat, ce joueur finira [&hellip;]<\/p>\n","protected":false},"author":1788,"featured_media":92292,"comment_status":"closed","ping_status":"closed","sticky":false,"template":"","format":"standard","meta":{"fifu_image_url":"","fifu_image_alt":"","footnotes":""},"categories":[54,76],"tags":[],"class_list":["post-92291","post","type-post","status-publish","format-standard","has-post-thumbnail","hentry","category-maroc","category-regions"],"_links":{"self":[{"href":"https:\/\/linitiative.ca\/International\/wp-json\/wp\/v2\/posts\/92291","targetHints":{"allow":["GET"]}}],"collection":[{"href":"https:\/\/linitiative.ca\/International\/wp-json\/wp\/v2\/posts"}],"about":[{"href":"https:\/\/linitiative.ca\/International\/wp-json\/wp\/v2\/types\/post"}],"author":[{"embeddable":true,"href":"https:\/\/linitiative.ca\/International\/wp-json\/wp\/v2\/users\/1788"}],"replies":[{"embeddable":true,"href":"https:\/\/linitiative.ca\/International\/wp-json\/wp\/v2\/comments?post=92291"}],"version-history":[{"count":0,"href":"https:\/\/linitiative.ca\/International\/wp-json\/wp\/v2\/posts\/92291\/revisions"}],"wp:featuredmedia":[{"embeddable":true,"href":"https:\/\/linitiative.ca\/International\/wp-json\/"}],"wp:attachment":[{"href":"https:\/\/linitiative.ca\/International\/wp-json\/wp\/v2\/media?parent=92291"}],"wp:term":[{"taxonomy":"category","embeddable":true,"href":"https:\/\/linitiative.ca\/International\/wp-json\/wp\/v2\/categories?post=92291"},{"taxonomy":"post_tag","embeddable":true,"href":"https:\/\/linitiative.ca\/International\/wp-json\/wp\/v2\/tags?post=92291"}],"curies":[{"name":"wp","href":"https:\/\/api.w.org\/{rel}","templated":true}]}}