{"id":92293,"date":"2020-07-13T20:29:19","date_gmt":"2020-07-14T00:29:19","guid":{"rendered":"https:\/\/linitiative.ca\/International\/indh-le-ccp-del-kelaa-des-sraghna-tient-sa-premiere-reunion\/"},"modified":"2020-07-13T20:29:19","modified_gmt":"2020-07-14T00:29:19","slug":"indh-le-ccp-del-kelaa-des-sraghna-tient-sa-premiere-reunion","status":"publish","type":"post","link":"https:\/\/linitiative.ca\/International\/indh-le-ccp-del-kelaa-des-sraghna-tient-sa-premiere-reunion\/","title":{"rendered":"INDH: Le CCP d\u2019El Kel\u00e2a des Sraghna tient sa premi\u00e8re r\u00e9union"},"content":{"rendered":"<div readability=\"36\">\n<p>El Kel\u00e2a des Sraghna \u2013 La premi\u00e8re r\u00e9union du Comit\u00e9 de Coordination Provincial (CCP) d\u2019El Kel\u00e2a des Sraghna, qui s\u2019inscrit dans le cadre du programme 3 de la phase III de l\u2019Initiative Nationale pour le D\u00e9veloppement Humain (INDH) (2019-2023), a \u00e9t\u00e9 tenue lundi.<\/p>\n<\/div>\n<div readability=\"76\">\n<p>Pr\u00e9sid\u00e9e par le gouverneur de la province, Hicham Smahi, cette r\u00e9union intervient dans le cadre de la mise en \u0153uvre du programme d\u2019appui \u00e0 l\u2019inclusion \u00e9conomique des jeunes, objet du partenariat conclu entre le Maroc et la Banque Mondiale pour le renforcement de l\u2019acc\u00e8s des jeunes aux opportunit\u00e9s \u00e9conomiques au niveau de la r\u00e9gion de Marrakech-Safi.<\/p>\n<p>L\u2019ouverture de cette rencontre a \u00e9t\u00e9 marqu\u00e9e par un mot d\u2019orientation du gouverneur de la province, suivi des interventions du directeur du Centre R\u00e9gional d\u2019Investissement (CRI) de Marrakech-Safi et du pr\u00e9sident du conseil provincial d\u2019El Kel\u00e2a des Sraghna.<\/p>\n<p>A cette occasion, le repr\u00e9sentant du bureau d\u2019\u00e9tudes \u00ab\u00a0Grant Thornton\u00a0\u00bb a pr\u00e9sent\u00e9 un expos\u00e9 ax\u00e9 essentiellement sur les objectifs et les composantes du programme, les \u00e9tapes de sa r\u00e9alisation au niveau de la province d\u2019El Kel\u00e2a des Sraghna ainsi que sur les futures \u00e9tapes de ce projet.<\/p>\n<p>Concernant l\u2019ex\u00e9cution du programme d\u2019inclusion \u00e9conomique des jeunes au niveau de la province, l\u2019accent a \u00e9t\u00e9 mis sur la r\u00e9alisation des activit\u00e9s programm\u00e9es en partenariat avec les intervenants, afin de lutter contre le ch\u00f4mage des jeunes et d\u2019am\u00e9liorer leur acc\u00e8s aux opportunit\u00e9s \u00e9conomiques offertes.<\/p>\n<p>Ainsi, les \u00e9tapes accomplies ont permis le lancement du projet de soutien \u00e0 l\u2019entrepreneuriat des jeunes, objet d\u2019une convention de partenariat entre le Comit\u00e9 provincial du D\u00e9veloppement humain (CPDH) et la Fondation Initiative pour les Jeunes et l\u2019Entrepreneuriat, qui vise \u00e0 accompagner 306 jeunes entrepreneurs dans la phase de pr\u00e9-cr\u00e9ation et 95 autres en phase de post-cr\u00e9ation, \u00e0 travers l\u2019appui technique et financier.<\/p>\n<p>Il a \u00e9t\u00e9, en outre, proc\u00e9d\u00e9 \u00e0 la mise en place du Centre d\u2019appui \u00e0 l\u2019entrepreneuriat et au d\u00e9veloppement \u00e9conomique local (CAEDEL) \u00e0 El Kel\u00e2a des Sraghna, en partenariat avec le CRI de Marrakech-Safi et \u00e0 la cr\u00e9ation d\u2019un Espace d\u2019Emploi de Jeunes (EEJ), en partenariat avec l\u2019Agence Nationale de Promotion de l\u2019Emploi et des Comp\u00e9tences (ANAPEC), en vue d\u2019offrir les services d\u2019orientation professionnelle individuelle au profit des jeunes dans l\u2019objectif de renforcer les comp\u00e9tences requises sur le march\u00e9 du travail.<\/p>\n<\/div>\n<p>Auteur: Meriem IGASS<br \/>\n<a href=\"http:\/\/www.mapmarrakech.ma\/fr\/indh-le-ccp-del-kelaa-des-sraghna-tient-sa-premiere-reunion\/\">Cliquez ici pour lire l&rsquo;article depuis sa source.<\/a><\/p>\n","protected":false},"excerpt":{"rendered":"<p>El Kel\u00e2a des Sraghna \u2013 La premi\u00e8re r\u00e9union du Comit\u00e9 de Coordination Provincial (CCP) d\u2019El Kel\u00e2a des Sraghna, qui s\u2019inscrit dans le cadre du programme 3 de la phase III de l\u2019Initiative Nationale pour le D\u00e9veloppement Humain (INDH) (2019-2023), a \u00e9t\u00e9 tenue lundi. Pr\u00e9sid\u00e9e par le gouverneur de la province, Hicham Smahi, cette r\u00e9union intervient [&hellip;]<\/p>\n","protected":false},"author":1788,"featured_media":0,"comment_status":"closed","ping_status":"closed","sticky":false,"template":"","format":"standard","meta":{"fifu_image_url":"","fifu_image_alt":"","footnotes":""},"categories":[54,76],"tags":[],"class_list":["post-92293","post","type-post","status-publish","format-standard","hentry","category-maroc","category-regions"],"_links":{"self":[{"href":"https:\/\/linitiative.ca\/International\/wp-json\/wp\/v2\/posts\/92293","targetHints":{"allow":["GET"]}}],"collection":[{"href":"https:\/\/linitiative.ca\/International\/wp-json\/wp\/v2\/posts"}],"about":[{"href":"https:\/\/linitiative.ca\/International\/wp-json\/wp\/v2\/types\/post"}],"author":[{"embeddable":true,"href":"https:\/\/linitiative.ca\/International\/wp-json\/wp\/v2\/users\/1788"}],"replies":[{"embeddable":true,"href":"https:\/\/linitiative.ca\/International\/wp-json\/wp\/v2\/comments?post=92293"}],"version-history":[{"count":0,"href":"https:\/\/linitiative.ca\/International\/wp-json\/wp\/v2\/posts\/92293\/revisions"}],"wp:attachment":[{"href":"https:\/\/linitiative.ca\/International\/wp-json\/wp\/v2\/media?parent=92293"}],"wp:term":[{"taxonomy":"category","embeddable":true,"href":"https:\/\/linitiative.ca\/International\/wp-json\/wp\/v2\/categories?post=92293"},{"taxonomy":"post_tag","embeddable":true,"href":"https:\/\/linitiative.ca\/International\/wp-json\/wp\/v2\/tags?post=92293"}],"curies":[{"name":"wp","href":"https:\/\/api.w.org\/{rel}","templated":true}]}}