{"id":92307,"date":"2020-07-14T10:20:25","date_gmt":"2020-07-14T14:20:25","guid":{"rendered":"https:\/\/linitiative.ca\/International\/encg-ensa-medecine-encore-plus-de-places-a-prendre\/"},"modified":"2020-07-14T10:20:25","modified_gmt":"2020-07-14T14:20:25","slug":"encg-ensa-medecine-encore-plus-de-places-a-prendre","status":"publish","type":"post","link":"https:\/\/linitiative.ca\/International\/encg-ensa-medecine-encore-plus-de-places-a-prendre\/","title":{"rendered":"ENCG, ENSA, m\u00e9decine\u2026 encore  plus de places \u00e0 prendre!"},"content":{"rendered":"<p class=\"rtejustify\">Bonne nouvelle pour les bacheliers 2020. Cette rentr\u00e9e encore, les \u00e9tablissements universitaires publics \u00e0 acc\u00e8s s\u00e9lectif augmenteront leur capacit\u00e9 d\u2019accueil des nouveaux \u00e9tudiants, avec une moyenne de 5% de si\u00e8ges suppl\u00e9mentaires. Les facult\u00e9s de m\u00e9decine et de pharmacie et celles de dentaire sont celles qui consentiront le plus gros effort sur les places p\u00e9dagogiques \u00e0 prendre.<\/p>\n<div class=\"dnd-atom-wrapper type-image context-sdl_editor_representation\" contenteditable=\"false\">\n<div class=\"dnd-drop-wrapper\">\n<div class=\"image\"><img loading=\"lazy\" decoding=\"async\" typeof=\"foaf:Image\" class=\"img-responsive\" src=\"https:\/\/leconomiste.com\/sites\/default\/files\/eco7\/public\/thumbnails\/image\/grands-ecoles.jpg\" width=\"800\" height=\"685\" alt=\"grands-ecoles.jpg\" title=\"grands-ecoles.jpg\"\/><\/div>\n<\/div>\n<\/div>\n<p class=\"rtejustify\">\u00abLa facult\u00e9 de m\u00e9decine et de pharmacie de Tanger passe de quelque 110 \u00e0 200, soit presque le double. A celle d\u2019Agadir, le nombre de si\u00e8ges progresse de pratiquement 50%. Les autres facult\u00e9s, comme celle de Rabat, continuent aussi d\u2019\u00e9tendre leur potentiel. La nouvelle facult\u00e9 de F\u00e8s qui ouvre \u00e0 la rentr\u00e9e viendra renforcer le r\u00e9seau\u00bb, confie une source au d\u00e9partement de l\u2019Enseignement sup\u00e9rieur.<\/p>\n<p class=\"rtejustify\">Les \u00e9coles, comme les ENCG, les ENSA, EST, ENSAM\u2026, proc\u00e8deront \u00e0 des hausses entre 4 et 7% pour les nouveaux bacheliers. Ces derni\u00e8res ann\u00e9es, l\u2019acc\u00e8s r\u00e9gul\u00e9 a sensiblement \u00e9largi son offre. Entre 2018-2019 et 2020-2021 uniquement, le nombre de places \u00e0 prendre s\u2019am\u00e9liore de 57,8%, passant de 20.000 \u00e0 31.570. Les \u00e9coles d\u2019ing\u00e9nieurs post-pr\u00e9pas, aussi, continuent d\u2019accro\u00eetre l\u00e9g\u00e8rement leur offre pour les nouveaux bacheliers. Cela dit, vu leurs moyens limit\u00e9s, cela risque d\u2019\u00eatre impossible \u00e0 l\u2019avenir. Le minist\u00e8re pr\u00e9voit de construire de nouveaux \u00e9tablissements pour renforcer la capacit\u00e9 d\u2019accueil. Environ 13 sont programm\u00e9s, y compris \u00e0 acc\u00e8s r\u00e9gul\u00e9. \u00a0<\/p>\n<p class=\"rtecenter\"><strong>La s\u00e9lection passe par \u00abTawjihi\u00bb<\/strong><\/p>\n<p class=\"rtejustify\">Autre nouveaut\u00e9 cette ann\u00e9e, l\u2019abandon des concours de certains \u00e9tablissements, notamment ceux en acc\u00e8s post-bac. La s\u00e9lection des ENCG, ENSA, ENSAM et de l\u2019ENSAD passe d\u00e9sormais par la plateforme Tawjihi.ma, au m\u00eame titre que pour les FST et les EST.<\/p>\n<p class=\"rtejustify\">Les candidatures ont \u00e9t\u00e9 ouvertes le 25 juin dernier. Les candidats seront class\u00e9s par ordre de m\u00e9rite. Ils seront choisis sur la base de leurs notes aux baccalaur\u00e9ats national (75%) et r\u00e9gional (25%), compl\u00e9t\u00e9es par des coefficients de pond\u00e9ration sp\u00e9cifiques \u00e0 chaque fili\u00e8re et en fonction du type d\u2019\u00e9tablissement souhait\u00e9. Le processus est r\u00e9parti en trois \u00e9tapes.<\/p>\n<p class=\"rtejustify\">Durant la premi\u00e8re, s\u2019\u00e9talant jusqu\u2019au 4 septembre 2020, une premi\u00e8re validation des inscriptions sera op\u00e9r\u00e9e. Les \u00e9tudiants dont le choix d\u2019affectation n\u2019a pas \u00e9t\u00e9 satisfait peuvent acc\u00e9der \u00e0 de nouvelles propositions de la plateforme durant les deux phases compl\u00e9mentaires, qui se d\u00e9rouleront successivement du 7 au 16 septembre, puis du 18 au 30 septembre. Un guide avec tous les d\u00e9tails de l\u2019op\u00e9ration a \u00e9t\u00e9 publi\u00e9 sur Tawjihi.<\/p>\n<p class=\"rtejustify\">Le projet initial de suppression des concours, dont la r\u00e9flexion a commenc\u00e9 il y a quelques ann\u00e9es, \u00e0 l\u2019\u00e9poque de l\u2019ancien ministre de l\u2019Enseignement sup\u00e9rieur, Lahcen Daoudi, pr\u00e9voyait d\u2019int\u00e9grer la s\u00e9lection pour les facult\u00e9s de m\u00e9decine \u00e0 Tawjihi. Le pas ne sera pas franchi \u00e0 la rentr\u00e9e 2020-2021.<\/p>\n<p class=\"rtejustify\">Le concours national commun (CNC) d\u2019admission aux \u00e9coles d\u2019ing\u00e9nieurs (post-pr\u00e9pas), pour sa part, est pr\u00e9vu du 16 au 18 juillet. Tandis que le concours national d\u2019acc\u00e8s aux \u00e9coles de management (CNAEM) a \u00e9t\u00e9 programm\u00e9 du 11 au 14 juillet.<\/p>\n<p class=\"rtecenter\"><strong><u>\u00a0\u00a0\u00a0\u00a0\u00a0\u00a0\u00a0\u00a0\u00a0\u00a0\u00a0\u00a0\u00a0\u00a0\u00a0\u00a0\u00a0\u00a0\u00a0\u00a0\u00a0\u00a0\u00a0\u00a0\u00a0\u00a0\u00a0\u00a0\u00a0\u00a0\u00a0\u00a0\u00a0\u00a0\u00a0\u00a0\u00a0\u00a0\u00a0\u00a0\u00a0\u00a0\u00a0\u00a0\u00a0\u00a0\u00a0\u00a0\u00a0\u00a0\u00a0\u00a0\u00a0\u00a0\u00a0\u00a0\u00a0\u00a0\u00a0\u00a0\u00a0\u00a0\u00a0\u00a0\u00a0\u00a0\u00a0\u00a0\u00a0\u00a0\u00a0\u00a0\u00a0\u00a0\u00a0 <\/u><\/strong><\/p>\n<p class=\"rtecenter\"><strong>Un \u00abpetit bac\u00bb pour le concours de m\u00e9decine<\/strong><\/p>\n<p class=\"rtejustify\">Pour la premi\u00e8re fois cette ann\u00e9e, il y aura un concours national unifi\u00e9 pour toutes les facult\u00e9s de m\u00e9decine, pharmacie et dentaire. Il sera probablement organis\u00e9 durant la premi\u00e8re semaine d\u2019ao\u00fbt. Des dizaines de centres d\u2019examen seront mobilis\u00e9s afin de permettre aux bacheliers de passer le concours \u00e0 c\u00f4t\u00e9 de chez eux, selon le ministre de l\u2019Education nationale, Saa\u00efd Amzazi. Il pourrait s\u2019agir d\u2019un \u00e9tablissement universitaire, un lyc\u00e9e, une salle de sport\u2026 \u00abCe sera comme un mini-baccalaur\u00e9at\u00bb, rel\u00e8ve une source \u00e0 l\u2019Enseignement sup\u00e9rieur. Le proc\u00e9d\u00e9 permettra d\u2019augmenter la base des candidats. Ce n\u2019est pas encore officiel, mais le nombre de bacheliers appel\u00e9s aux \u00e9preuves pourrait bien doubler cette ann\u00e9e.<\/p>\n<p class=\"rtejustify\"><em>Ahlam NAZIH<\/em><\/p>\n<p>Auteur: hlafriqi<br \/>\n<a href=\"https:\/\/www.leconomiste.com\/article\/1064705-encg-ensa-medecine-encore-plus-de-places-prendre\">Cliquez ici pour lire l&rsquo;article depuis sa source.<\/a><\/p>\n","protected":false},"excerpt":{"rendered":"<p>Bonne nouvelle pour les bacheliers 2020. Cette rentr\u00e9e encore, les \u00e9tablissements universitaires publics \u00e0 acc\u00e8s s\u00e9lectif augmenteront leur capacit\u00e9 d\u2019accueil des nouveaux \u00e9tudiants, avec une moyenne de 5% de si\u00e8ges suppl\u00e9mentaires. Les facult\u00e9s de m\u00e9decine et de pharmacie et celles de dentaire sont celles qui consentiront le plus gros effort sur les places p\u00e9dagogiques \u00e0 [&hellip;]<\/p>\n","protected":false},"author":1763,"featured_media":92308,"comment_status":"closed","ping_status":"closed","sticky":false,"template":"","format":"standard","meta":{"fifu_image_url":"","fifu_image_alt":"","footnotes":""},"categories":[78,54],"tags":[],"class_list":["post-92307","post","type-post","status-publish","format-standard","has-post-thumbnail","hentry","category-economie","category-maroc"],"_links":{"self":[{"href":"https:\/\/linitiative.ca\/International\/wp-json\/wp\/v2\/posts\/92307","targetHints":{"allow":["GET"]}}],"collection":[{"href":"https:\/\/linitiative.ca\/International\/wp-json\/wp\/v2\/posts"}],"about":[{"href":"https:\/\/linitiative.ca\/International\/wp-json\/wp\/v2\/types\/post"}],"author":[{"embeddable":true,"href":"https:\/\/linitiative.ca\/International\/wp-json\/wp\/v2\/users\/1763"}],"replies":[{"embeddable":true,"href":"https:\/\/linitiative.ca\/International\/wp-json\/wp\/v2\/comments?post=92307"}],"version-history":[{"count":0,"href":"https:\/\/linitiative.ca\/International\/wp-json\/wp\/v2\/posts\/92307\/revisions"}],"wp:featuredmedia":[{"embeddable":true,"href":"https:\/\/linitiative.ca\/International\/wp-json\/"}],"wp:attachment":[{"href":"https:\/\/linitiative.ca\/International\/wp-json\/wp\/v2\/media?parent=92307"}],"wp:term":[{"taxonomy":"category","embeddable":true,"href":"https:\/\/linitiative.ca\/International\/wp-json\/wp\/v2\/categories?post=92307"},{"taxonomy":"post_tag","embeddable":true,"href":"https:\/\/linitiative.ca\/International\/wp-json\/wp\/v2\/tags?post=92307"}],"curies":[{"name":"wp","href":"https:\/\/api.w.org\/{rel}","templated":true}]}}