{"id":92311,"date":"2020-07-14T09:03:18","date_gmt":"2020-07-14T13:03:18","guid":{"rendered":"https:\/\/linitiative.ca\/International\/le-long-processus-de-la-correction-des-copies\/"},"modified":"2020-07-14T09:03:18","modified_gmt":"2020-07-14T13:03:18","slug":"le-long-processus-de-la-correction-des-copies","status":"publish","type":"post","link":"https:\/\/linitiative.ca\/International\/le-long-processus-de-la-correction-des-copies\/","title":{"rendered":"Le long processus de la correction des copies"},"content":{"rendered":"<p class=\"p1 c4\"><span class=\"c3\"><span class=\"s1 c2\"><strong>LE TEMPS &#8211; Kamel BOUAOUINA<\/strong><\/span><\/span><\/p>\n<p class=\"p2 c5\"><span class=\"c3\">La correction des \u00e9preuves \u00e9crites de la session principale bac a commenc\u00e9. Elle est loin d\u2019\u00eatre une mince affaire. C\u2019est un v\u00e9ritable travail de fourmi. Tout est calcul\u00e9 et planifi\u00e9 jusqu\u2019au moindre d\u00e9tail. La moindre erreur n\u2019est pas permise.<\/span><\/p>\n<p class=\"p2 c5\"><span class=\"c3\">Concentration, s\u00e9rieux et compr\u00e9hension sont les ma\u00eetres-mots durant cette p\u00e9riode o\u00f9 chaque \u00e9l\u00e9ment de cette cha\u00eene humaine conna\u00eet parfaitement sa mission et surtout l\u2019accomplit avec d\u00e9vouement. Long voire tr\u00e8s long est le processus de correction des copies des candidats du baccalaur\u00e9at.<\/span><\/p>\n<p class=\"p1 c6\"><span class=\"c3\">Par de souci de cr\u00e9dibilit\u00e9, les enseignants correcteurs et des enseignants \u00e9valuateurs dans chaque mati\u00e8re ont \u00e9t\u00e9 mobilis\u00e9s au niveau de chaque centre de correction o\u00f9 l\u2019op\u00e9ration est supervis\u00e9e dans son ensemble par des inspecteurs de l\u2019\u00e9ducation. Une lourde mission pour les chefs des centres de correction, les enseignants correcteurs, les secr\u00e9taires et les pr\u00e9sidents de jury. Les copies sont dispatch\u00e9es \u00e0 travers tout le territoire.<\/span><\/p>\n<p class=\"p1 c6\"><span class=\"c3\">Pour chaque mati\u00e8re, une r\u00e9union de correction se fera en pr\u00e9sence des inspecteurs et des professeurs correcteurs. On essaie de lire les sujets et de discuter les bar\u00e8mes. Les profs ont entam\u00e9 depuis samedi \u00e0 la correction de la pens\u00e9e islamique, de la philosophie, de l\u2019\u00e9conomie, de la technologie et de la 3\u00e8me langue. La double-correction s\u2019impose pour la philosophie, l\u2019\u00e9conomie et l\u2019arabe. Chaque professeur correcteur v\u00e9rifie et compare la note saisie \u00e0 la note inscrite sur la copie d\u2019examen. Une op\u00e9ration de saisie des notes sera effectu\u00e9e par une \u00e9quipe sp\u00e9cialis\u00e9e. Une autre v\u00e9rification des notes sera effectu\u00e9e par une \u00e9quipe de secr\u00e9taires afin de les comparer aux notes incluses dans des proc\u00e8s. Le processus de v\u00e9rification des notes sera cl\u00f4tur\u00e9 par l\u2019envoi \u00e9lectronique de la base des donn\u00e9es renfermant les notes \u00e0 la direction g\u00e9n\u00e9rale des examens \u00e0 une date qui sera fix\u00e9e bient\u00f4t. Apr\u00e8s la correction, on proc\u00e9dera aux d\u00e9lib\u00e9rations.<\/span><\/p>\n<p class=\"p1 c6\"><span class=\"c3\">Pour rappel, la proclamation des r\u00e9sultats est pour le 26 juillet. La session de contr\u00f4le se d\u00e9roulera du 27 au 30 juillet et ses r\u00e9sultats seront d\u00e9voil\u00e9s le 9 ao\u00fbt.<\/span><\/p>\n<p class=\"p1 c6\"><span class=\"c3\">Le directeur des examens au minist\u00e8re de l\u2019Education, Mohamed Mili, a pr\u00e9cis\u00e9, hier, que le nombre des cas de fraude lors des \u00e9preuves \u00e9crites du baccalaur\u00e9at a diminu\u00e9 par rapport \u00e0 l\u2019ann\u00e9e pr\u00e9c\u00e9dente. Il a estim\u00e9 qu\u2019il est probable que cette baisse serait le r\u00e9sultat de la r\u00e9duction du nombre des candidats dans les salles d\u2019examen, soit 12 candidats par salle. Une mesure adopt\u00e9e dans le cadre des efforts d\u00e9ploy\u00e9s pour lutter contre le Covid-19.<\/span><\/p>\n<p class=\"p1 c6\"><span class=\"c3\">Mili a affirm\u00e9 que les trois premiers jours de la session en cours ont connu une diminution du nombre des cas de fraude, \u00e9tabli actuellement \u00e0 70 cas, par rapport \u00e0 la session principale du baccalaur\u00e9at 2019, notant que les examens \u00e9crits de cette session se sont d\u00e9roul\u00e9s dans de bonnes conditions.<\/span><\/p>\n<p class=\"p1 c6\"><span class=\"c3\">\u00abLe minist\u00e8re de l\u2019Education ayant fourni toutes les garanties de la r\u00e9ussite\u00bb, a-t-il ajout\u00e9.<\/span><\/p>\n<p class=\"p1 c6\"><span class=\"c3\">Environ 133 mille candidats ont pass\u00e9 les \u00e9preuves \u00e9crites du baccalaur\u00e9at session principale de l\u2019ann\u00e9e 2020, qui a d\u00e9but\u00e9 le 8 juillet courant et se poursuit jusqu\u2019au 15 juillet 2020.<span class=\"Apple-converted-space\">\u00a0<\/span><\/span><\/p>\n<p class=\"p2 c5\">\u00a0<\/p>\n<p class=\"p2 c7\"><span class=\"c3\"><strong>K.B.<\/strong><\/span><\/p>\n<p>Auteur: letemps1<br \/>\n<a href=\"http:\/\/www.letemps.com.tn\/article\/115618\/le-long-processus-de-la-correction-des-copies\">Cliquez ici pour lire l&rsquo;article depuis sa source.<\/a><\/p>\n","protected":false},"excerpt":{"rendered":"<p>LE TEMPS &#8211; Kamel BOUAOUINA La correction des \u00e9preuves \u00e9crites de la session principale bac a commenc\u00e9. Elle est loin d\u2019\u00eatre une mince affaire. C\u2019est un v\u00e9ritable travail de fourmi. Tout est calcul\u00e9 et planifi\u00e9 jusqu\u2019au moindre d\u00e9tail. La moindre erreur n\u2019est pas permise. Concentration, s\u00e9rieux et compr\u00e9hension sont les ma\u00eetres-mots durant cette p\u00e9riode o\u00f9 [&hellip;]<\/p>\n","protected":false},"author":1773,"featured_media":0,"comment_status":"closed","ping_status":"closed","sticky":false,"template":"","format":"standard","meta":{"fifu_image_url":"","fifu_image_alt":"","footnotes":""},"categories":[73,55],"tags":[],"class_list":["post-92311","post","type-post","status-publish","format-standard","hentry","category-actualite","category-tunisie"],"_links":{"self":[{"href":"https:\/\/linitiative.ca\/International\/wp-json\/wp\/v2\/posts\/92311","targetHints":{"allow":["GET"]}}],"collection":[{"href":"https:\/\/linitiative.ca\/International\/wp-json\/wp\/v2\/posts"}],"about":[{"href":"https:\/\/linitiative.ca\/International\/wp-json\/wp\/v2\/types\/post"}],"author":[{"embeddable":true,"href":"https:\/\/linitiative.ca\/International\/wp-json\/wp\/v2\/users\/1773"}],"replies":[{"embeddable":true,"href":"https:\/\/linitiative.ca\/International\/wp-json\/wp\/v2\/comments?post=92311"}],"version-history":[{"count":0,"href":"https:\/\/linitiative.ca\/International\/wp-json\/wp\/v2\/posts\/92311\/revisions"}],"wp:attachment":[{"href":"https:\/\/linitiative.ca\/International\/wp-json\/wp\/v2\/media?parent=92311"}],"wp:term":[{"taxonomy":"category","embeddable":true,"href":"https:\/\/linitiative.ca\/International\/wp-json\/wp\/v2\/categories?post=92311"},{"taxonomy":"post_tag","embeddable":true,"href":"https:\/\/linitiative.ca\/International\/wp-json\/wp\/v2\/tags?post=92311"}],"curies":[{"name":"wp","href":"https:\/\/api.w.org\/{rel}","templated":true}]}}