{"id":92312,"date":"2020-07-14T09:04:07","date_gmt":"2020-07-14T13:04:07","guid":{"rendered":"https:\/\/linitiative.ca\/International\/un-discours-apaise\/"},"modified":"2020-07-14T09:04:07","modified_gmt":"2020-07-14T13:04:07","slug":"un-discours-apaise","status":"publish","type":"post","link":"https:\/\/linitiative.ca\/International\/un-discours-apaise\/","title":{"rendered":"Un discours apais\u00e9 ?"},"content":{"rendered":"<p class=\"p1 c4\"><span class=\"c3\"><span class=\"s1 c2\"><strong>LE TEMPS &#8211; Samia HARRAR<\/strong><\/span><\/span><\/p>\n<p class=\"p2 c5\"><span class=\"c3\">Avec le mal du pays, aurait ajout\u00e9 le grand Kateb.<span class=\"Apple-converted-space\">\u00a0<\/span><\/span><\/p>\n<p class=\"p2 c5\"><span class=\"c3\">L\u2019exil, c\u2019est aussi, de ne plus reconna\u00eetre, dans le reflet que renvoie un miroir, son propre visage, lorsque celui-ci se confond avec celui du pays. On peut miner par effraction aussi. L\u2019aveuglement est une autre forme, plus corrosive, de destruction. Quand il rejoint le silence.<span class=\"Apple-converted-space\">\u00a0<\/span><\/span><\/p>\n<p class=\"p2 c5\"><span class=\"c3\">Ka\u00efs Saeid doit parler et agir. Le geste et la parole nou\u00e9e, comme une seule main. Qui ne tremble ni h\u00e9site. Il y a, toujours, moyen de s\u2019en sortir, lorsque l\u2019on fixe l\u2019issue, en s\u2019y voyant d\u00e9j\u00e0. M\u00eame si le passage vers la lumi\u00e8re est parfois brutal, il ne faudra surtout pas, en d\u00e9tourner le regard.<span class=\"Apple-converted-space\">\u00a0<\/span><\/span><\/p>\n<p class=\"p2 c5\"><span class=\"c3\">Plier les kilom\u00e8tres s\u2019il le faut, pour abr\u00e9ger la route. Elle peut \u00eatre tr\u00e8s longue\u2026 Au train o\u00f9 en sont les choses, une \u00ab \u00e9p\u00e9e de Damocl\u00e8s \u00bb en chassant une autre, un \u00ab sous-marin \u00bb en vadrouille torpillant, sans crier gare, celui qui l\u2019aura pr\u00e9c\u00e9d\u00e9, parce qu\u2019il lui aurait fait de l\u2019ombre sous l\u2019eau, ce n\u2019est pas le \u00ab chapiteau \u00bb qui va crouler sous les applaudissements, incessamment, sous peu, si cela continue.<span class=\"Apple-converted-space\">\u00a0<\/span><\/span><\/p>\n<p class=\"p2 c5\"><span class=\"c3\">Quand la \u00ab Choura \u00bb d\u00e9gaine, c\u2019est celui qui lui fait r\u00e9sistance qui trinque, lorsque la partie est mal jou\u00e9e. Ce n\u2019est plus qu\u2019une question de temps. A qui perd gagne ? Ce n\u2019est pas le gouvernement qui doit tomber. Ce n\u2019est pas Ghannouchi qui doit \u00ab bomber \u00bb le torse, lui aussi, face \u00e0 la t\u00eate de l\u2019ex\u00e9cutif, quand le pays \u00ab tangue \u00bb et qu\u2019il lui faut sa boussole. Ce n\u2019est pas permis. Le virage est dangereux\u2026<\/span><\/p>\n<p class=\"p3 c6\"><span class=\"c3\"><strong>S.H.<span class=\"Apple-converted-space\">\u00a0<\/span><\/strong><\/span><\/p>\n<p>Auteur: letemps1<br \/>\n<a href=\"http:\/\/www.letemps.com.tn\/article\/115619\/un-discours-apais%C3%A9\">Cliquez ici pour lire l&rsquo;article depuis sa source.<\/a><\/p>\n","protected":false},"excerpt":{"rendered":"<p>LE TEMPS &#8211; Samia HARRAR Avec le mal du pays, aurait ajout\u00e9 le grand Kateb.\u00a0 L\u2019exil, c\u2019est aussi, de ne plus reconna\u00eetre, dans le reflet que renvoie un miroir, son propre visage, lorsque celui-ci se confond avec celui du pays. On peut miner par effraction aussi. L\u2019aveuglement est une autre forme, plus corrosive, de destruction. [&hellip;]<\/p>\n","protected":false},"author":1773,"featured_media":0,"comment_status":"closed","ping_status":"closed","sticky":false,"template":"","format":"standard","meta":{"fifu_image_url":"","fifu_image_alt":"","footnotes":""},"categories":[73,55],"tags":[],"class_list":["post-92312","post","type-post","status-publish","format-standard","hentry","category-actualite","category-tunisie"],"_links":{"self":[{"href":"https:\/\/linitiative.ca\/International\/wp-json\/wp\/v2\/posts\/92312","targetHints":{"allow":["GET"]}}],"collection":[{"href":"https:\/\/linitiative.ca\/International\/wp-json\/wp\/v2\/posts"}],"about":[{"href":"https:\/\/linitiative.ca\/International\/wp-json\/wp\/v2\/types\/post"}],"author":[{"embeddable":true,"href":"https:\/\/linitiative.ca\/International\/wp-json\/wp\/v2\/users\/1773"}],"replies":[{"embeddable":true,"href":"https:\/\/linitiative.ca\/International\/wp-json\/wp\/v2\/comments?post=92312"}],"version-history":[{"count":0,"href":"https:\/\/linitiative.ca\/International\/wp-json\/wp\/v2\/posts\/92312\/revisions"}],"wp:attachment":[{"href":"https:\/\/linitiative.ca\/International\/wp-json\/wp\/v2\/media?parent=92312"}],"wp:term":[{"taxonomy":"category","embeddable":true,"href":"https:\/\/linitiative.ca\/International\/wp-json\/wp\/v2\/categories?post=92312"},{"taxonomy":"post_tag","embeddable":true,"href":"https:\/\/linitiative.ca\/International\/wp-json\/wp\/v2\/tags?post=92312"}],"curies":[{"name":"wp","href":"https:\/\/api.w.org\/{rel}","templated":true}]}}