{"id":92313,"date":"2020-07-14T09:05:18","date_gmt":"2020-07-14T13:05:18","guid":{"rendered":"https:\/\/linitiative.ca\/International\/ambiance-pourrie\/"},"modified":"2020-07-14T09:05:18","modified_gmt":"2020-07-14T13:05:18","slug":"ambiance-pourrie","status":"publish","type":"post","link":"https:\/\/linitiative.ca\/International\/ambiance-pourrie\/","title":{"rendered":"Ambiance pourrie"},"content":{"rendered":"<p class=\"p1 c5\"><span class=\"c4\"><span class=\"c2\">U<\/span><span class=\"c3\">n chef du gouvernement qui compte ses jours, pour cause de conflit d\u2019int\u00e9r\u00eats. Un pr\u00e9sident de l\u2019Assembl\u00e9e des repr\u00e9sentants du peuple (ARP) contest\u00e9 et faisant l\u2019objet d\u2019une \u00ab motion de retrait de confiance \u00bb ayant recueilli plus \u00ab de 73 signature \u00bb, selon Haykal Mekki, porte-parole du Bloc d\u00e9mocratique. Et, pour couronner le tout, les coups de boutoir ass\u00e9n\u00e9s par le pr\u00e9sident du bloc de la coalition Al Karama qui veut faire ce que bon lui semble au sein de l\u2019institution parlementaire. Le ras-le-bol est quasi-g\u00e9n\u00e9ral.<\/span><\/span><\/p>\n<p class=\"p1 c6\"><span class=\"c4\">Ennahdha cherche \u00e0 profiter de la situation et tire trop sur la couverture, en \u00ab chargeant \u00bb son pr\u00e9sident Rached Ghannouchi qui est, aussi, le pr\u00e9sident contest\u00e9 de l\u2019Assembl\u00e9e des repr\u00e9sentants du peuple (ARP) d\u2019entamer un dialogue avec le pr\u00e9sident de la R\u00e9publique et avec toutes les composantes du paysage politique et des organisations nationales. N\u2019\u00e9tant capable de mettre l\u2019habit d\u2019un pr\u00e9sident du Parlement, il cherche plus haut, en pi\u00e9tinant, encore une fois, les platebandes du pr\u00e9sident de la R\u00e9publique qui a montr\u00e9 qu\u2019il ne va pas se laisser faire, cette fois-ci. Il a affirm\u00e9 haut et fort qu\u2019il n\u2019a d\u00e9l\u00e9gu\u00e9 aucun pouvoir \u00e0 Ghannouchi pour entamer les tractations et que le gouvernement va continuer \u00e0 travailler.<\/span><\/p>\n<p class=\"p1 c6\"><span class=\"c4\">Al Karama continue \u00e0 faire des siennes, et voil\u00e0 que son pr\u00e9sident Seifeddine Makhlouf qui introduit un fich\u00e9 S17 et S19 dans l\u2019enceinte de l\u2019H\u00e9micycle, avec tout le mal qui accompagne ses agissements, surtout qu\u2019il se croit tout permis et qu\u2019il a affirm\u00e9 que \u00ab personne ne peut entraver ce qu\u2019il veut faire\u00bb.<\/span><\/p>\n<p class=\"p1 c6\"><span class=\"c4\">Le pire est que l\u2019individu est un fondateur de la Coalition Al Karama, ce qui ne devait pas \u00eatre possible, avec son dossier charg\u00e9, avec des actes pour lesquels il doit r\u00e9pondre devant la justice. Et on se demande pourquoi les pouvoirs publics avaient accord\u00e9 l\u2019autorisation \u00e0 ce mouvement, alors que l\u2019un de ses fondateurs est accus\u00e9 d\u2019extr\u00e9misme.<\/span><\/p>\n<p class=\"p1 c6\"><span class=\"c4\">Dans cette ambiance pourrie, c\u2019est le pays qui en fait les frais, avec l\u2019instabilit\u00e9 qui va s\u2019ensuivre et on risque d\u2019en payer le prix fort, surtout que les int\u00e9r\u00eats partisans ont prim\u00e9 sur ceux de la patrie. La Tunisie entre dans une zone de turbulences tr\u00e8s dangereuse, avec le mouvement islamiste accul\u00e9, actuellement, dans ses derniers retranchements.<span class=\"Apple-converted-space\">\u00a0<\/span><\/span><\/p>\n<p class=\"p1 c5\">\u00a0<\/p>\n<p class=\"p1 c6\"><span class=\"c4\">Le paysage politique actuel ne permet pas de mieux faire, et le blocage est imminent. La dissolution du parlement dont on a beaucoup parl\u00e9 pointe du nez. Mais, sera-t-elle la solution ?<\/span><\/p>\n<p>Auteur: letemps1<br \/>\n<a href=\"http:\/\/www.letemps.com.tn\/article\/115620\/ambiance-pourrie\">Cliquez ici pour lire l&rsquo;article depuis sa source.<\/a><\/p>\n","protected":false},"excerpt":{"rendered":"<p>Un chef du gouvernement qui compte ses jours, pour cause de conflit d\u2019int\u00e9r\u00eats. Un pr\u00e9sident de l\u2019Assembl\u00e9e des repr\u00e9sentants du peuple (ARP) contest\u00e9 et faisant l\u2019objet d\u2019une \u00ab motion de retrait de confiance \u00bb ayant recueilli plus \u00ab de 73 signature \u00bb, selon Haykal Mekki, porte-parole du Bloc d\u00e9mocratique. Et, pour couronner le tout, les [&hellip;]<\/p>\n","protected":false},"author":1773,"featured_media":0,"comment_status":"closed","ping_status":"closed","sticky":false,"template":"","format":"standard","meta":{"fifu_image_url":"","fifu_image_alt":"","footnotes":""},"categories":[73,55],"tags":[],"class_list":["post-92313","post","type-post","status-publish","format-standard","hentry","category-actualite","category-tunisie"],"_links":{"self":[{"href":"https:\/\/linitiative.ca\/International\/wp-json\/wp\/v2\/posts\/92313","targetHints":{"allow":["GET"]}}],"collection":[{"href":"https:\/\/linitiative.ca\/International\/wp-json\/wp\/v2\/posts"}],"about":[{"href":"https:\/\/linitiative.ca\/International\/wp-json\/wp\/v2\/types\/post"}],"author":[{"embeddable":true,"href":"https:\/\/linitiative.ca\/International\/wp-json\/wp\/v2\/users\/1773"}],"replies":[{"embeddable":true,"href":"https:\/\/linitiative.ca\/International\/wp-json\/wp\/v2\/comments?post=92313"}],"version-history":[{"count":0,"href":"https:\/\/linitiative.ca\/International\/wp-json\/wp\/v2\/posts\/92313\/revisions"}],"wp:attachment":[{"href":"https:\/\/linitiative.ca\/International\/wp-json\/wp\/v2\/media?parent=92313"}],"wp:term":[{"taxonomy":"category","embeddable":true,"href":"https:\/\/linitiative.ca\/International\/wp-json\/wp\/v2\/categories?post=92313"},{"taxonomy":"post_tag","embeddable":true,"href":"https:\/\/linitiative.ca\/International\/wp-json\/wp\/v2\/tags?post=92313"}],"curies":[{"name":"wp","href":"https:\/\/api.w.org\/{rel}","templated":true}]}}