{"id":92326,"date":"2020-07-13T19:00:00","date_gmt":"2020-07-13T23:00:00","guid":{"rendered":"https:\/\/linitiative.ca\/International\/lutte-contre-la-covid-19-djerad-deplore-la-negligence-de-certains-citoyens-a-se-proteger\/"},"modified":"2020-07-13T19:00:00","modified_gmt":"2020-07-13T23:00:00","slug":"lutte-contre-la-covid-19-djerad-deplore-la-negligence-de-certains-citoyens-a-se-proteger","status":"publish","type":"post","link":"https:\/\/linitiative.ca\/International\/lutte-contre-la-covid-19-djerad-deplore-la-negligence-de-certains-citoyens-a-se-proteger\/","title":{"rendered":"Lutte contre la covid-19 :  Djerad d\u00e9plore la n\u00e9gligence  de certains citoyens \u00e0 se prot\u00e9ger"},"content":{"rendered":"<p>Intervenant sur les ondes de la radio locale de Sidi Bel-Abbes, le Premier ministre a soulign\u00e9 que \u00able point faible\u00bb en mati\u00e8re de lutte contre la pand\u00e9mie est le comportement du citoyen, ajoutant qu\u2019il avait constat\u00e9 durant sa visite que \u00abde nombreuses personnes ne se prot\u00e9geaient pas avec le masque sanitaire\u00bb.\u00a0<\/p>\n<p>\u00abCe comportement tr\u00e8s \u00e9trange a des impacts n\u00e9gatifs sur la population et les activit\u00e9s des h\u00f4pitaux, et cr\u00e9e par la m\u00eame une sorte d\u2019hyst\u00e9rie au sein de la soci\u00e9t\u00e9\u00bb, a-t-il d\u00e9plor\u00e9. Il a encore pr\u00e9cis\u00e9 que \u00absi la majorit\u00e9 des citoyens se montre consciente, il existe malheureusement une minorit\u00e9, particuli\u00e8rement parmi les jeunes, qui persiste \u00e0 ne pas croire en l\u2019existence de la pand\u00e9mie\u00bb, relevant qu&rsquo;\u00abune autre cat\u00e9gorie exploite cette situation \u00e0 d\u2019autres fins\u00bb. Dans ce sens, le Premier ministre a \u00e9voqu\u00e9 le cas de la vid\u00e9o diffus\u00e9e sur les r\u00e9seaux sociaux et tourn\u00e9e au sein de l\u2019\u00e9tablissement public hospitalier Kouici-Bela\u00efch de Sidi A\u00efssa, montrant la d\u00e9pouille d\u2019un malade gisant dans un couloir.\u00a0<\/p>\n<p>\u00abDans certains h\u00f4pitaux, \u00e0 M\u2019sila par exemple, nous avons constat\u00e9 des s\u00e9quences diffus\u00e9es sur Facebook, d\u2019une personne d\u00e9c\u00e9d\u00e9e, arrach\u00e9e de son lit et jet\u00e9e par terre, dans le but de donner une image d\u00e9formant la r\u00e9alit\u00e9 de l\u2019h\u00f4pital et celle du pays tout entier\u00bb, a-t-il regrett\u00e9, affirmant qu&rsquo;il s\u2019agit \u00abd\u2019une op\u00e9ration politicienne dangereuse men\u00e9e par des individus qui seront s\u00e9v\u00e8rement ch\u00e2ti\u00e9s\u00bb. Par ailleurs, M. Djerad a insist\u00e9 sur le r\u00f4le des m\u00e9dias dans la sensibilisation contre le coronavirus, appelant au recours \u00abdans cette question nationale\u00bb, \u00e0 tous les moyens pour une prise de conscience des citoyens, \u00e0 l\u2019instar des associations, des Scouts musulmans, du Croissant rouge et des comit\u00e9s de quartiers.<\/p>\n<p>Auteur: elmoudjahid<br \/>\n<a href=\"http:\/\/www.elmoudjahid.com\/fr\/actualites\/156211\">Cliquez ici pour lire l&rsquo;article depuis sa source.<\/a><\/p>\n","protected":false},"excerpt":{"rendered":"<p>Intervenant sur les ondes de la radio locale de Sidi Bel-Abbes, le Premier ministre a soulign\u00e9 que \u00able point faible\u00bb en mati\u00e8re de lutte contre la pand\u00e9mie est le comportement du citoyen, ajoutant qu\u2019il avait constat\u00e9 durant sa visite que \u00abde nombreuses personnes ne se prot\u00e9geaient pas avec le masque sanitaire\u00bb.\u00a0 \u00abCe comportement tr\u00e8s \u00e9trange [&hellip;]<\/p>\n","protected":false},"author":1744,"featured_media":0,"comment_status":"closed","ping_status":"closed","sticky":false,"template":"","format":"standard","meta":{"fifu_image_url":"","fifu_image_alt":"","footnotes":""},"categories":[73,53],"tags":[],"class_list":["post-92326","post","type-post","status-publish","format-standard","hentry","category-actualite","category-algerie"],"_links":{"self":[{"href":"https:\/\/linitiative.ca\/International\/wp-json\/wp\/v2\/posts\/92326","targetHints":{"allow":["GET"]}}],"collection":[{"href":"https:\/\/linitiative.ca\/International\/wp-json\/wp\/v2\/posts"}],"about":[{"href":"https:\/\/linitiative.ca\/International\/wp-json\/wp\/v2\/types\/post"}],"author":[{"embeddable":true,"href":"https:\/\/linitiative.ca\/International\/wp-json\/wp\/v2\/users\/1744"}],"replies":[{"embeddable":true,"href":"https:\/\/linitiative.ca\/International\/wp-json\/wp\/v2\/comments?post=92326"}],"version-history":[{"count":0,"href":"https:\/\/linitiative.ca\/International\/wp-json\/wp\/v2\/posts\/92326\/revisions"}],"wp:attachment":[{"href":"https:\/\/linitiative.ca\/International\/wp-json\/wp\/v2\/media?parent=92326"}],"wp:term":[{"taxonomy":"category","embeddable":true,"href":"https:\/\/linitiative.ca\/International\/wp-json\/wp\/v2\/categories?post=92326"},{"taxonomy":"post_tag","embeddable":true,"href":"https:\/\/linitiative.ca\/International\/wp-json\/wp\/v2\/tags?post=92326"}],"curies":[{"name":"wp","href":"https:\/\/api.w.org\/{rel}","templated":true}]}}