{"id":92334,"date":"2020-07-14T12:20:00","date_gmt":"2020-07-14T16:20:00","guid":{"rendered":"https:\/\/linitiative.ca\/International\/la-rumeur-sur-la-mort-douyahia-affole-la-toile\/"},"modified":"2020-07-14T12:20:00","modified_gmt":"2020-07-14T16:20:00","slug":"la-rumeur-sur-la-mort-douyahia-affole-la-toile","status":"publish","type":"post","link":"https:\/\/linitiative.ca\/International\/la-rumeur-sur-la-mort-douyahia-affole-la-toile\/","title":{"rendered":"La rumeur sur  la mort d&rsquo;Ouyahia affole la toile"},"content":{"rendered":"<p><br id=\"sep_para_1\" class=\"sep_para access\"\/><\/p>\n<div id=\"para_1\" class=\"para_37889711 resize\">\n<div class=\"texte access firstletter\">De nombreuses pages et groupes ont annonc\u00e9 la mort de l&rsquo;ex-Premier ministre alg\u00e9rien, Ahmed Ouyahia. Info ou intox ? Aucune information n\u2019est venue confirmer la nouvelle, propag\u00e9e par le journaliste Abdelali Mezghiche. L\u2019ancien premier ministre Ahmed Ouyahia a \u00e9t\u00e9 admis au CHU Mustapha Pacha \u00e0 Alger, rapporte le quotidien El Moudjahid citant son avocat. Ahmed Ouyahia (condamn\u00e9 \u00e0 de la prison ferme) a \u00e9t\u00e9 absent des deux derni\u00e8res audiences (samedi et dimanche) du proc\u00e8s de l\u2019homme d\u2019affaires Mahieddine Tahkout qui s\u2019est ouvert lundi dernier au tribunal de Sidi M\u2019hamed. A l\u2019ouverture du proc\u00e8s, Ahmed Ouyahia avait d\u00e9clar\u00e9 lundi dernier qu\u2019il souffrait d\u2019un cancer. Pour rappel,\u00a0 le procureur de la R\u00e9publique avait requis, mercredi dernier, une peine de 16 ans de prison \u00e0 l\u2019encontre de Mahieddine Tahkout et une amende de 8 millions de DA et 15 ans de prison \u00e0 l\u2019encontre des anciens premiers ministres Ahmed Ouyahia et Abdelmalek Sellal. Ils sont poursuivis notamment pour abus de fonction, octroi d\u2019indus privil\u00e8ges et dilapidation de deniers publics. Rappelons que d\u00e8s l\u2019ouverture de l\u2019audience, jeudi dernier, le procureur fait savoir au juge que \u00abpour des raisons de sant\u00e9, l\u2019ex-Premier ministre Ahmed Ouyahia a pr\u00e9f\u00e9r\u00e9 rester en prison\u00bb. C\u2019est le cas, d\u2019ailleurs, de Abdelmalek Sellal, absent de l\u2019audience, depuis mercredi dernier, \u00e9galement pour des \u00abraisons de sant\u00e9\u00bb. Aussi bien les directeurs g\u00e9n\u00e9raux de l\u2019Onou, du port de Skikda, que les directeurs des Domaines au niveau d\u2019une dizaine de wilayas, ou encore les nombreux cadres des transports et de l\u2019industrie, tous ont clam\u00e9 leur innocence. Leurs avocats ont d\u00e9mont\u00e9 les inculpations et fait ressortir des incoh\u00e9rences, des supputations, l\u2019absence de preuves et parfois le parti pris, avant de demander la relaxe.Apr\u00e8s le lourd r\u00e9quisitoire du parquet, c\u2019est au tour des avocats de d\u00e9fendre, devant le tribunal de Sidi M\u2019hamed, \u00e0 Alger, les 66 pr\u00e9venus et les 58 soci\u00e9t\u00e9s poursuivis dans le cadre du proc\u00e8s de l\u2019homme d\u2019affaires Mahieddine Tahkout, patron du groupe Cima Motors, li\u00e9 au montage automobile, au transport urbain et universitaire, les concessions agricoles et industrielles et les cessions des biens fonciers dont a b\u00e9n\u00e9fici\u00e9 le principal mis en cause.<\/div>\n<\/div>\n<p>Auteur: R\u00e9flexion<br \/>\n<a href=\"https:\/\/www.reflexiondz.net\/La-rumeur-sur-la-mort-d-Ouyahia-affole-la-toile_a63999.html\">Cliquez ici pour lire l&rsquo;article depuis sa source.<\/a><\/p>\n","protected":false},"excerpt":{"rendered":"<p>De nombreuses pages et groupes ont annonc\u00e9 la mort de l&rsquo;ex-Premier ministre alg\u00e9rien, Ahmed Ouyahia. Info ou intox ? Aucune information n\u2019est venue confirmer la nouvelle, propag\u00e9e par le journaliste Abdelali Mezghiche. L\u2019ancien premier ministre Ahmed Ouyahia a \u00e9t\u00e9 admis au CHU Mustapha Pacha \u00e0 Alger, rapporte le quotidien El Moudjahid citant son avocat. Ahmed [&hellip;]<\/p>\n","protected":false},"author":1740,"featured_media":0,"comment_status":"closed","ping_status":"closed","sticky":false,"template":"","format":"standard","meta":{"fifu_image_url":"","fifu_image_alt":"","footnotes":""},"categories":[53,76],"tags":[],"class_list":["post-92334","post","type-post","status-publish","format-standard","hentry","category-algerie","category-regions"],"_links":{"self":[{"href":"https:\/\/linitiative.ca\/International\/wp-json\/wp\/v2\/posts\/92334","targetHints":{"allow":["GET"]}}],"collection":[{"href":"https:\/\/linitiative.ca\/International\/wp-json\/wp\/v2\/posts"}],"about":[{"href":"https:\/\/linitiative.ca\/International\/wp-json\/wp\/v2\/types\/post"}],"author":[{"embeddable":true,"href":"https:\/\/linitiative.ca\/International\/wp-json\/wp\/v2\/users\/1740"}],"replies":[{"embeddable":true,"href":"https:\/\/linitiative.ca\/International\/wp-json\/wp\/v2\/comments?post=92334"}],"version-history":[{"count":0,"href":"https:\/\/linitiative.ca\/International\/wp-json\/wp\/v2\/posts\/92334\/revisions"}],"wp:attachment":[{"href":"https:\/\/linitiative.ca\/International\/wp-json\/wp\/v2\/media?parent=92334"}],"wp:term":[{"taxonomy":"category","embeddable":true,"href":"https:\/\/linitiative.ca\/International\/wp-json\/wp\/v2\/categories?post=92334"},{"taxonomy":"post_tag","embeddable":true,"href":"https:\/\/linitiative.ca\/International\/wp-json\/wp\/v2\/tags?post=92334"}],"curies":[{"name":"wp","href":"https:\/\/api.w.org\/{rel}","templated":true}]}}