{"id":92335,"date":"2020-07-14T12:20:00","date_gmt":"2020-07-14T16:20:00","guid":{"rendered":"https:\/\/linitiative.ca\/International\/reprise-des-cours-universitaires-le-ministre-de-lenseignement-superieur-sexprime\/"},"modified":"2020-07-14T12:20:00","modified_gmt":"2020-07-14T16:20:00","slug":"reprise-des-cours-universitaires-le-ministre-de-lenseignement-superieur-sexprime","status":"publish","type":"post","link":"https:\/\/linitiative.ca\/International\/reprise-des-cours-universitaires-le-ministre-de-lenseignement-superieur-sexprime\/","title":{"rendered":"REPRISE DES COURS UNIVERSITAIRES  : Le ministre de l\u2019Enseignement  sup\u00e9rieur s\u2019exprime"},"content":{"rendered":"<p><br id=\"sep_para_1\" class=\"sep_para access\"\/><\/p>\n<div id=\"para_1\" class=\"para_37889706 resize\">\n<div class=\"texte access firstletter\">Le ministre de l\u2019Enseignement sup\u00e9rieur et de la recherche scientifique, Abdelbaki Benziane, s\u2019est exprim\u00e9, ce lundi 13 juillet, sur le d\u00e9roulement de la reprise des cours universitaires. Dans une d\u00e9claration \u00e0 la presse ce matin, le nouveau ministre a indiqu\u00e9 que la reprise des cours universitaires se fera progressivement \u00e0 partir du 23 ao\u00fbt avec le respect de toutes les mesures pr\u00e9ventives contre la pand\u00e9mie du coronavirus (Covid-19). \u00ab La reprise des activit\u00e9s p\u00e9dagogiques sera marqu\u00e9e par protocole sp\u00e9cial et particulier pour les \u00e9tudiants en sciences m\u00e9dicales, vu la sp\u00e9cificit\u00e9 de cette formation \u00bb, a fait savoir M. Benziane, pr\u00e9cisant que les mesures pr\u00e9ventives contre le coronavirus seront appliqu\u00e9es aussi bien dans les universit\u00e9s que dans les r\u00e9sidences universitaires. \u00c9voquant la vie estudiantine, le ministre indiqu\u00e9 que son d\u00e9partement \u00ab proc\u00e8dera \u00e0 la r\u00e9forme du syst\u00e8me des \u0153uvres universitaires conform\u00e9ment aux principes de l\u2019\u00e9quit\u00e9 et de l\u2019efficacit\u00e9 \u00bb, pour booster sa performance, d\u2019am\u00e9liorer la qualit\u00e9 des services, de promouvoir les activit\u00e9s culturelles, scientifiques et sportives dans le milieu universitaire.\u00a0\u00a0\u00a0\u00a0\u00a0\u00a0\u00a0\u00a0\u00a0\u00a0\u00a0\u00a0\u00a0<\/div>\n<\/div>\n<p>Auteur: Ismain<br \/>\n<a href=\"https:\/\/www.reflexiondz.net\/REPRISE-DES-COURS-UNIVERSITAIRES-Le-ministre-de-l-Enseignement-superieur-s-exprime_a63998.html\">Cliquez ici pour lire l&rsquo;article depuis sa source.<\/a><\/p>\n","protected":false},"excerpt":{"rendered":"<p>Le ministre de l\u2019Enseignement sup\u00e9rieur et de la recherche scientifique, Abdelbaki Benziane, s\u2019est exprim\u00e9, ce lundi 13 juillet, sur le d\u00e9roulement de la reprise des cours universitaires. Dans une d\u00e9claration \u00e0 la presse ce matin, le nouveau ministre a indiqu\u00e9 que la reprise des cours universitaires se fera progressivement \u00e0 partir du 23 ao\u00fbt avec [&hellip;]<\/p>\n","protected":false},"author":1740,"featured_media":0,"comment_status":"closed","ping_status":"closed","sticky":false,"template":"","format":"standard","meta":{"fifu_image_url":"","fifu_image_alt":"","footnotes":""},"categories":[53,76],"tags":[],"class_list":["post-92335","post","type-post","status-publish","format-standard","hentry","category-algerie","category-regions"],"_links":{"self":[{"href":"https:\/\/linitiative.ca\/International\/wp-json\/wp\/v2\/posts\/92335","targetHints":{"allow":["GET"]}}],"collection":[{"href":"https:\/\/linitiative.ca\/International\/wp-json\/wp\/v2\/posts"}],"about":[{"href":"https:\/\/linitiative.ca\/International\/wp-json\/wp\/v2\/types\/post"}],"author":[{"embeddable":true,"href":"https:\/\/linitiative.ca\/International\/wp-json\/wp\/v2\/users\/1740"}],"replies":[{"embeddable":true,"href":"https:\/\/linitiative.ca\/International\/wp-json\/wp\/v2\/comments?post=92335"}],"version-history":[{"count":0,"href":"https:\/\/linitiative.ca\/International\/wp-json\/wp\/v2\/posts\/92335\/revisions"}],"wp:attachment":[{"href":"https:\/\/linitiative.ca\/International\/wp-json\/wp\/v2\/media?parent=92335"}],"wp:term":[{"taxonomy":"category","embeddable":true,"href":"https:\/\/linitiative.ca\/International\/wp-json\/wp\/v2\/categories?post=92335"},{"taxonomy":"post_tag","embeddable":true,"href":"https:\/\/linitiative.ca\/International\/wp-json\/wp\/v2\/tags?post=92335"}],"curies":[{"name":"wp","href":"https:\/\/api.w.org\/{rel}","templated":true}]}}