{"id":92342,"date":"2020-07-14T06:06:00","date_gmt":"2020-07-14T10:06:00","guid":{"rendered":"https:\/\/linitiative.ca\/International\/bras-de-fer-fakhfakh-ennahdha-ces-ministres-qui-partiront-ne-partiront-pas\/"},"modified":"2020-07-14T06:06:00","modified_gmt":"2020-07-14T10:06:00","slug":"bras-de-fer-fakhfakh-ennahdha-ces-ministres-qui-partiront-ne-partiront-pas","status":"publish","type":"post","link":"https:\/\/linitiative.ca\/International\/bras-de-fer-fakhfakh-ennahdha-ces-ministres-qui-partiront-ne-partiront-pas\/","title":{"rendered":"Bras de fer Fakhfakh \u2013 Ennahdha : ces ministres qui partiront\u2026 ne partiront pas"},"content":{"rendered":"<p>Certains sont d\u00fbment encart\u00e9s au sein du parti Ennahdha, voire membres de ses instances (Mekki, Maarouf, Zitoun, Gaaloul\u2026), d\u2019autres sont compt\u00e9s, bien qu\u2019inscrits en tant qu\u2019ind\u00e9pendants, parmi les \u00ab\u00a0proches\u00a0\u00bb du mouvement islamique. Alors que, dans une troisi\u00e8me cat\u00e9gorie, on trouve ceux qui b\u00e9n\u00e9ficient de l\u2019appr\u00e9ciation et du soutien du parti de Rached Ghannouchi et auraient \u00e9t\u00e9 fortement recommand\u00e9s pour figurer au gouvernement. Maintenant que la rupture avec Ennahdha se pr\u00e9cise et que Fakhfakh s\u2019appr\u00eate \u00e0 proc\u00e9der \u00e0 un remaniement de son gouvernement, qui partira et qui ne partira pas, parmi les ministres attribu\u00e9s au mouvement islamique\u00a0?<\/p>\n<h2>D\u2019abord, de qui s\u2019agit-il\u00a0?<\/h2>\n<p>Toutes cat\u00e9gories confondues, on ne rel\u00e8ve pas moins de neuf ministres\u00a0:<\/p>\n<p class=\"c3\"><span class=\"c2\"><strong>1.<\/strong><\/span> <strong>Anouar Maarouf\u00a0:<\/strong> Ministre d\u2019\u00c9tat, du Transport et de la Logistique\u00a0:<br \/><span class=\"c2\"><strong>2.<\/strong><\/span> <strong>Lotfi Zitoun\u00a0:<\/strong> Ministre des Affaires locales :<br \/><span class=\"c2\"><strong>3.<\/strong><\/span> <strong>Abdellatif Mekki\u00a0:<\/strong> Ministre de la Sant\u00e9\u00a0<br \/><span class=\"c2\"><strong>4.<\/strong><\/span> <strong>Mongi Marzoug\u00a0:<\/strong> Ministre de l\u2019\u00c9nergie et des Mines et de la transition \u00e9nerg\u00e9tique\u00a0<br \/><span class=\"c2\"><strong>5.<\/strong><\/span> <strong>Ahmed Gaaloul\u00a0:<\/strong> Ministre de la Jeunesse et des Sports\u00a0<br \/><span class=\"c2\"><strong>6.<\/strong><\/span> <strong>Habib Kechaou\u00a0:<\/strong> Ministre des Affaires sociales<br \/><span class=\"c2\"><strong>7.<\/strong><\/span> <strong>Slim Choura\u00a0:<\/strong> Ministre de l\u2019Enseignement sup\u00e9rieur et de la Recherche scientifique<br \/><span class=\"c2\"><strong>8.<\/strong><\/span> <strong>Moncef Selliti\u00a0:<\/strong> Ministre de l\u2019\u00c9quipement<br \/><span class=\"c2\"><strong>9.<\/strong><\/span> <strong>Oussama Kheriji\u00a0:<\/strong> Ministre de l\u2019Agriculture, de la P\u00eache et des Ressources hydrauliques.<\/p>\n<p>Le degr\u00e9 d\u2019appartenance \/ affinit\u00e9 est diff\u00e9rent d\u2019un ministre \u00e0 un autre. Mais, ils doivent tous leur poste \u00e0 la b\u00e9n\u00e9diction de la Choura d\u2019Ennahdha. Le cas de Habib Kechaou est particulier. Ancien conseiller social aupr\u00e8s de trois chefs de gouvernement successifs\u00a0(Hamadi Jebali, Ali Laarayedh et Mehdi Jomaa 2011 \u2013 2014), puis recycl\u00e9 \u00e0 la t\u00eate d\u2019une soci\u00e9t\u00e9 p\u00e9troli\u00e8re tuniso-libyenne, Joint Oil, ce maitrisard de l\u2019Institut national du Travail, est un sp\u00e9cialiste des relations professionnelles. Il a ses entr\u00e9es privil\u00e9gi\u00e9es aupr\u00e8s des organisations syndicales (UGTT, UTICA et UTAP) et jouit de bonnes relations avec leurs dirigeants. \u00ab\u00a0Facilitateur, m\u00e9diateur, rapprocheur\u00a0\u00bb, il est dans son statut, r\u00e9servant cependant sa pr\u00e9f\u00e9rence premi\u00e8re \u00e0 Ennahdha o\u00f9 il compte de nombreux amis proches.<\/p>\n<h2>Resteront-ils en poste\u00a0?<\/h2>\n<p>Fakhfakh entend devancer les \u00e9v\u00e9nements et remplacer ceux qui seront retir\u00e9s par leur parti. Retir\u00e9s, car rien ne confirme que tous sont dispos\u00e9s \u00e0 partir. Certains ministres interrog\u00e9s par Leaders confient qu\u2019ils suivent de pr\u00e8s l\u2019\u00e9volution de la situation et m\u00e8nent des consultations avant d\u2019annoncer leur d\u00e9cision. Mais, d\u2019ores et d\u00e9j\u00e0, un ministre de premier plan au gouvernement et \u00e0 Ennahdha, laisse entendre qu\u2019il se maintiendra en poste\u2026 pour le moment.<br \/>Le chef du gouvernement profitera de ce remaniement pour revoir son architecture et se d\u00e9lester de certains ministres qu\u2019il ne juge pas tr\u00e8s efficaces\u00a0? Ce n\u2019est pas exclu et cela pourrait constituer pour lui une bonne opportunit\u00e9 pour resserrer son \u00e9quipe et la muscler.<\/p>\n<h2>Et les conseillers\u00a0?<\/h2>\n<p>Reste la question des conseillers techniques et charg\u00e9s de mission, tant \u00e0 la Kasbah que dans les d\u00e9partements minist\u00e9riels qui seront concern\u00e9s. A la Kasbah, officiellement, les d\u00e9crets publi\u00e9s au JORT ne r\u00e9v\u00e8lent la nomination d\u2019aucune personne membre ou proche d\u2019Ennahdha. L\u2019ancien ministre Imed Hammami (Emploi, Industrie et Sant\u00e9) que la rumeur avait port\u00e9 au cabinet de Fakhfakh, n\u2019y officie pas en fait. Pas plus qu\u2019Oussama Ben Salem.Dans les cabinets minist\u00e9riels, c\u2019est une autre affaire. Il est que chaque ministre s\u2019est entour\u00e9 des siens, nomm\u00e9 pour la plupart un chef de cabinet de son choix et appel\u00e9 aupr\u00e8s de lui des membres de sa mouvance. Il y aura alors ceux qui partiront d\u2019eux-m\u00eames avec le d\u00e9part de leur ministre, et ceux qui tra\u00eeneront le pas, esp\u00e9rant leur maintien par son successeur. Bref, la valse est in\u00e9vitable. A quel prix\u00a0?<\/p>\n<h2>Qui seraient les rempla\u00e7ants\u00a0?<\/h2>\n<p>La liste des pr\u00e9tendants est longue. Il y a d\u2019abord les recal\u00e9s de la formation en f\u00e9vrier dernier du premier gouvernement Fakhfakh. Sans perdre espoir, ils s\u2019\u00e9chinent \u00e0 vouloir mettre pied \u00e0 l\u2019\u00e9trier, m\u00eame pour un poste de secr\u00e9taire d\u2019Etat. Des partis membres de la coalition gouvernementale survivante demanderaient \u00e0 am\u00e9liorer leur repr\u00e9sentation en s\u2019adjugeant de nouveaux minist\u00e8res. Comme il y a aussi, certains ministres sans porte-feuille ou souhaitant changer de d\u00e9partement qui ne manqueraient pas de faire savoir au chef du gouvernement leur souhait pour tel ou tel minist\u00e8re. A moins que dans une initiative politique, Fakhfakh d\u00e9cide d\u2019\u00e9largir sa ceinture politique et de rallier \u00e0 son gouvernement des d\u00e9put\u00e9s ind\u00e9pendants ou des repr\u00e9sentants d\u2019autres partis.<\/p>\n<p>Une partie serr\u00e9e s\u2019annonce.<\/p>\n<p><strong>Lire aussi<\/strong><\/p>\n<p><a href=\"https:\/\/www.leaders.com.tn\/article\/30261-bras-de-fer-fakhfakh-ennahdha-ces-ministres-qui-partiront-ne-partiront-pas\" target=\"_blank\" rel=\"noopener noreferrer\">Bras de fer Fakhfakh \u2013 Ennahdha : ces ministres qui partiront\u2026 ne partiront pas<\/a><\/p>\n<p>Auteur:<br \/>\n<a href=\"https:\/\/www.leaders.com.tn\/article\/30261-bras-de-fer-fakhfakh-ennahdha-ces-ministres-qui-partiront-ne-partiront-pas\">Cliquez ici pour lire l&rsquo;article depuis sa source.<\/a><\/p>\n","protected":false},"excerpt":{"rendered":"<p>Certains sont d\u00fbment encart\u00e9s au sein du parti Ennahdha, voire membres de ses instances (Mekki, Maarouf, Zitoun, Gaaloul\u2026), d\u2019autres sont compt\u00e9s, bien qu\u2019inscrits en tant qu\u2019ind\u00e9pendants, parmi les \u00ab\u00a0proches\u00a0\u00bb du mouvement islamique. Alors que, dans une troisi\u00e8me cat\u00e9gorie, on trouve ceux qui b\u00e9n\u00e9ficient de l\u2019appr\u00e9ciation et du soutien du parti de Rached Ghannouchi et auraient [&hellip;]<\/p>\n","protected":false},"author":1772,"featured_media":0,"comment_status":"closed","ping_status":"closed","sticky":false,"template":"","format":"standard","meta":{"fifu_image_url":"","fifu_image_alt":"","footnotes":""},"categories":[73,55],"tags":[],"class_list":["post-92342","post","type-post","status-publish","format-standard","hentry","category-actualite","category-tunisie"],"_links":{"self":[{"href":"https:\/\/linitiative.ca\/International\/wp-json\/wp\/v2\/posts\/92342","targetHints":{"allow":["GET"]}}],"collection":[{"href":"https:\/\/linitiative.ca\/International\/wp-json\/wp\/v2\/posts"}],"about":[{"href":"https:\/\/linitiative.ca\/International\/wp-json\/wp\/v2\/types\/post"}],"author":[{"embeddable":true,"href":"https:\/\/linitiative.ca\/International\/wp-json\/wp\/v2\/users\/1772"}],"replies":[{"embeddable":true,"href":"https:\/\/linitiative.ca\/International\/wp-json\/wp\/v2\/comments?post=92342"}],"version-history":[{"count":0,"href":"https:\/\/linitiative.ca\/International\/wp-json\/wp\/v2\/posts\/92342\/revisions"}],"wp:attachment":[{"href":"https:\/\/linitiative.ca\/International\/wp-json\/wp\/v2\/media?parent=92342"}],"wp:term":[{"taxonomy":"category","embeddable":true,"href":"https:\/\/linitiative.ca\/International\/wp-json\/wp\/v2\/categories?post=92342"},{"taxonomy":"post_tag","embeddable":true,"href":"https:\/\/linitiative.ca\/International\/wp-json\/wp\/v2\/tags?post=92342"}],"curies":[{"name":"wp","href":"https:\/\/api.w.org\/{rel}","templated":true}]}}