{"id":92343,"date":"2020-07-14T07:29:00","date_gmt":"2020-07-14T11:29:00","guid":{"rendered":"https:\/\/linitiative.ca\/International\/lambassadeur-de-lunion-europeenne-patrice-bergamini-quitte-la-tunisie-sans-decoration\/"},"modified":"2020-07-14T07:29:00","modified_gmt":"2020-07-14T11:29:00","slug":"lambassadeur-de-lunion-europeenne-patrice-bergamini-quitte-la-tunisie-sans-decoration","status":"publish","type":"post","link":"https:\/\/linitiative.ca\/International\/lambassadeur-de-lunion-europeenne-patrice-bergamini-quitte-la-tunisie-sans-decoration\/","title":{"rendered":"L\u2019ambassadeur de l\u2019Union europ\u00e9enne, Patrice Bergamini, quitte la Tunisie&#8230; sans d\u00e9coration"},"content":{"rendered":"<p>Les observateurs n\u2019ont pas manqu\u00e9 de le relever. Re\u00e7u lundi en visite d\u2019adieu \u00e0 Carthage par le pr\u00e9sident de la R\u00e9publique, l\u2019ambassadeur chef de la d\u00e9l\u00e9gation de l\u2019Union europ\u00e9enne en Tunisie, Patrice Bergamini, n\u2019a pas b\u00e9n\u00e9fici\u00e9 d\u2019une d\u00e9coration dans l\u2019Ordre de la R\u00e9publique.\u00a0 Bouclant quatre ans d\u2019affectation en poste (p\u00e9riode habituelle pour l\u2019UE), il avait succ\u00e9d\u00e9 \u00e0 Mme Laura Baeza (2012 \u2013 2016). Au terme de sa mission, Mme Baeza avait \u00e9t\u00e9 d\u00e9cor\u00e9e par le pr\u00e9sident B\u00e9ji Ca\u00efed Essebsi (le 26 ao\u00fbt 2016) du collier de Grand officier de la R\u00e9publique.<\/p>\n<p>Malgr\u00e9 les excellentes relations entre la Tunisie et l\u2019Union europ\u00e9enne et les perspectives de renforcement des programmes de coop\u00e9ration d\u00e9cid\u00e9s par Bruxelles pour la p\u00e9riode \u00e0 venir, la non-d\u00e9coration de Bergamini n\u2019a pas \u00e9chapp\u00e9 \u00e0 la vigilance des initi\u00e9s \u00e0 l\u2019univers diplomatique. Quel message a ainsi voulu envoyer Carthage\u00a0? \u00c9videmment, aucune r\u00e9ponse obtenue \u00e0 ce sujet.<\/p>\n<p>\u00ab\u00a0Il ne faut pas y accorder r\u00e9elle importance\u00a0\u00bb, tente de relativiser un ancien diplomate de carri\u00e8re. Ce qu\u2019il faut consid\u00e9rer c\u2019est que l\u2019ambassadeur partant a totalement \u00e9puis\u00e9 la p\u00e9riode habituelle de son affectation, sans incident diplomatique notable relev\u00e9.\u00a0Et, puis, l\u2019Union europ\u00e9enne est pour la Tunisie, au-del\u00e0 des repr\u00e9sentants, un partenaire majeur. \u00bb<\/p>\n<h2>Que dit le protocole tunisien<\/h2>\n<p>Il n\u2019y a pas de r\u00e8gle formellement \u00e9crite en mati\u00e8re d\u2019octroi de d\u00e9corations tunisiennes \u00e0 des diplomates \u00e9trangers \u00e0 l\u2019issue de leur accr\u00e9ditation en Tunisie, explique \u00e0 Leaders un sp\u00e9cialiste du protocole. La d\u00e9cision est r\u00e9serv\u00e9e au chef de l\u2019\u00c9tat, sur proposition ou non du ministre des Affaires \u00e9trang\u00e8res, ajoute-t-il. Jusque-l\u00e0, la pratique depuis de nombreuses ann\u00e9es, avant 2011 et depuis lors, indique qu\u2019\u00e0 partir d\u2019une p\u00e9riode de trois ann\u00e9es effectu\u00e9es en Tunisie (ou en tant qu\u2019ambassadeur \/ chef de mission non-r\u00e9sident), une proposition de d\u00e9coration pourrait \u00eatre formul\u00e9e aupr\u00e8s de Carthage. Cette p\u00e9riode peut, cependant, \u00eatre r\u00e9duite.<\/p>\n<p>C\u2019est le cas tout r\u00e9cemment de l\u2019ambassadeur de Chine \u00e0 Tunis, Wang Wenbin, qui n\u2019a boucl\u00e9, d\u00e9but juin dernier que deux ans seulement en poste (lettres de cr\u00e9ances remises au pr\u00e9sident Ca\u00efd Essebsi le 24 mai 2018). Re\u00e7u en audience d\u2019adieu par le pr\u00e9sident de la R\u00e9publique Kais Sa\u00efed, le 3 juin dernier, il a obtenu par la suite son collier de Grand officier de la R\u00e9publique. Au cours du m\u00eame mois de juin dernier, ce f\u00fbt \u00e9galement autour de l\u2019ambassadeur d\u2019Allemagne Dr Andreas Reinicke qui devait quitter la Tunisie o\u00f9 il \u00e9tait en poste depuis le 21 mars 2013, de b\u00e9n\u00e9ficier du collier de Grand officier.<br \/>\u00a0<\/p>\n<p class=\"MsoNormal\">\u00a0<\/p>\n<p>\u00a0<\/p>\n<p>Auteur:<br \/>\n<a href=\"https:\/\/www.leaders.com.tn\/article\/30262-l-ambassadeur-de-l-union-europeenne-patrice-bergamini-quitte-la-tunisie-sans-decoration\">Cliquez ici pour lire l&rsquo;article depuis sa source.<\/a><\/p>\n","protected":false},"excerpt":{"rendered":"<p>Les observateurs n\u2019ont pas manqu\u00e9 de le relever. Re\u00e7u lundi en visite d\u2019adieu \u00e0 Carthage par le pr\u00e9sident de la R\u00e9publique, l\u2019ambassadeur chef de la d\u00e9l\u00e9gation de l\u2019Union europ\u00e9enne en Tunisie, Patrice Bergamini, n\u2019a pas b\u00e9n\u00e9fici\u00e9 d\u2019une d\u00e9coration dans l\u2019Ordre de la R\u00e9publique.\u00a0 Bouclant quatre ans d\u2019affectation en poste (p\u00e9riode habituelle pour l\u2019UE), il avait [&hellip;]<\/p>\n","protected":false},"author":1772,"featured_media":0,"comment_status":"closed","ping_status":"closed","sticky":false,"template":"","format":"standard","meta":{"fifu_image_url":"","fifu_image_alt":"","footnotes":""},"categories":[73,55],"tags":[],"class_list":["post-92343","post","type-post","status-publish","format-standard","hentry","category-actualite","category-tunisie"],"_links":{"self":[{"href":"https:\/\/linitiative.ca\/International\/wp-json\/wp\/v2\/posts\/92343","targetHints":{"allow":["GET"]}}],"collection":[{"href":"https:\/\/linitiative.ca\/International\/wp-json\/wp\/v2\/posts"}],"about":[{"href":"https:\/\/linitiative.ca\/International\/wp-json\/wp\/v2\/types\/post"}],"author":[{"embeddable":true,"href":"https:\/\/linitiative.ca\/International\/wp-json\/wp\/v2\/users\/1772"}],"replies":[{"embeddable":true,"href":"https:\/\/linitiative.ca\/International\/wp-json\/wp\/v2\/comments?post=92343"}],"version-history":[{"count":0,"href":"https:\/\/linitiative.ca\/International\/wp-json\/wp\/v2\/posts\/92343\/revisions"}],"wp:attachment":[{"href":"https:\/\/linitiative.ca\/International\/wp-json\/wp\/v2\/media?parent=92343"}],"wp:term":[{"taxonomy":"category","embeddable":true,"href":"https:\/\/linitiative.ca\/International\/wp-json\/wp\/v2\/categories?post=92343"},{"taxonomy":"post_tag","embeddable":true,"href":"https:\/\/linitiative.ca\/International\/wp-json\/wp\/v2\/tags?post=92343"}],"curies":[{"name":"wp","href":"https:\/\/api.w.org\/{rel}","templated":true}]}}