{"id":92344,"date":"2020-07-14T08:33:00","date_gmt":"2020-07-14T12:33:00","guid":{"rendered":"https:\/\/linitiative.ca\/International\/fakhfakh-et-les-ministres-dennahdha-la-jurisprudence-de-chahed-avec-ceux-dafek-a-t-elle-des-chances-de-fonctionner\/"},"modified":"2020-07-14T08:33:00","modified_gmt":"2020-07-14T12:33:00","slug":"fakhfakh-et-les-ministres-dennahdha-la-jurisprudence-de-chahed-avec-ceux-dafek-a-t-elle-des-chances-de-fonctionner","status":"publish","type":"post","link":"https:\/\/linitiative.ca\/International\/fakhfakh-et-les-ministres-dennahdha-la-jurisprudence-de-chahed-avec-ceux-dafek-a-t-elle-des-chances-de-fonctionner\/","title":{"rendered":"Fakhfakh et les ministres d\u2019Ennahdha : La jurisprudence de Chahed avec ceux d&rsquo;Afek a-t-elle des chances  de fonctionner?"},"content":{"rendered":"<p>Ely\u00e8s Fakhfakh n\u2019est pas le premier chef de gouvernement \u00e0 subir la d\u00e9cision d\u2019un parti de sa coalition, Ennahdha de retirer ses ministres. Avant-lui, Youssef Chahed avait affront\u00e9 la m\u00eame situation en d\u00e9cembre 2017, avec Yassine Brahim, le chef d\u2019Afek Tounes.<\/p>\n<p>Souvenez-vous. Le gouvernement Chahed 2, form\u00e9 le 6 septembre 2017, comptait quatre repr\u00e9sentants d\u2019Afek Tounes\u00a0: 2 ministres et 2 secr\u00e9taires d\u2019\u00c9tat. Il s\u2019agit de\u00a0:<\/p>\n<ul>\n<li><span class=\"c2\"><strong>Faouzi Abderrahmane\u00a0:<\/strong><\/span> Ministre de l\u2019Emploi et de la Formation<\/li>\n<li><span class=\"c2\"><strong>Riadh Mouakhar\u00a0:<\/strong><\/span> Ministre des Affaires locales et de l\u2019Environnement<\/li>\n<li><span class=\"c2\"><strong>Hichem Ben Ahmed\u00a0:<\/strong><\/span> Secr\u00e9taire d&rsquo;\u00c9tat aupr\u00e8s du ministre du Commerce charg\u00e9 du Commerce ext\u00e9rieur\u00a0<\/li>\n<li><span class=\"c2\"><strong>Abdoulkoudous Sa\u00e2daoui\u00a0:<\/strong><\/span> Secr\u00e9taire d&rsquo;\u00c9tat aupr\u00e8s du ministre de la Jeunesse et des Sports charg\u00e9 de la jeunesse.<\/li>\n<\/ul>\n<p>Dans un bras de fer avec Chahed, Yassine Brahim a fait adopter par le conseil national de son parti, r\u00e9uni en session extraordinaire, le 16 d\u00e9cembre 2017, le retrait du parti du gouvernement d\u2019union nationale, apr\u00e8s avoir quitt\u00e9 le Dialogue de Carthage, invoquant notamment son rejet de la loi de finance vot\u00e9e. Cons\u00e9quence logique, les 4 ministres et secr\u00e9taires d\u2019\u00c9tat Afek, doivent renoncer \u00e0 leurs postes au sein du gouvernement. A moins que\u2026<\/p>\n<p>Prompt \u00e0 r\u00e9agir pour pr\u00e9server son gouvernement, Youssef Chahed les recevra imm\u00e9diatement \u00e0 Dar Dhiafa pour leur proposer de conserver leurs postes, s\u2019ils le souhaitent, \u00e9videmment en rompant avec Afek. La partie n\u2019\u00e9tait pas difficile \u00e0 gagner. Le lundi 18 d\u00e9cembre, Chahed refusera officiellement les d\u00e9missions de principe qui devaient lui \u00eatre pr\u00e9sent\u00e9es. Le m\u00eame jour, un-\u00e0-un,\u00a0les quatre qui ont pr\u00e9f\u00e9r\u00e9 le gouvernement plut\u00f4t que le parti, ont remis leur d\u00e9mission d\u2019Afek.<\/p>\n<p>\u00ab\u00a0Pr\u00e9monitoire, Chahed inventait \u00ab\u00a0le d\u00e9passement politique\u00a0\u00bb au-del\u00e0 des partis, comme le pratique d\u00e9sormais Emmanuel Macron\u00a0\u00bb, s\u2019amuse aujourd&rsquo;hui un connaisseur du s\u00e9rail.<\/p>\n<p>Le 21 d\u00e9cembre 2017, Chahed expliquera doctement, dans un nouveau rendez-vous t\u00e9l\u00e9vis\u00e9 invent\u00e9 pour la circonstance, pourquoi il les a retenus. \u00ab\u00a0Nous avons la responsabilit\u00e9 de maintenir sa stabilit\u00e9. Le gouvernement ne d\u00e9pendra pas des tiraillements au sein des partis parce que sa philosophie ne repose pas sur les quotas partisans. Nous devons r\u00e9unir les comp\u00e9tences ind\u00e9pendamment de leur appartenance politique. Il n\u2019y a aucune place pour les sauts d\u2019humeur, puisque c\u2019est moi qui d\u00e9cide si un ministre quitte ou reste au gouvernement. Ils sont des ministres de la R\u00e9publique et ma mission c\u2019est la pr\u00e9servation de la stabilit\u00e9 du gouvernement. Pour cela j\u2019ai d\u00e9cid\u00e9 de maintenir les ministres de Afek Tounes\u00a0\u00bb.<\/p>\n<p>L\u2019histoire montrera que cette r\u00e9cup\u00e9ration politique sera r\u00e9ussie. Hormis Faouzi Abderrhamane qui ralliera Abdelkrim Zbidi, lors des pr\u00e9sidentielles de 2019, les trois autres feront partie des premiers dirigeants du parti Tahya Toun\u00e8s fond\u00e9 en mai 2019 par Selim Azzabi pour Youssef Chahed. Plus encore, un secr\u00e9taire d\u2019Etat, Hichem Ben Ahmed, b\u00e9n\u00e9ficiera d\u2019une promotion au sein du gouvernement, obtenant en effet un minist\u00e8re \u00e0 part enti\u00e8re, celui des Transports\u2026<\/p>\n<p>Jurisprudence\u00a0?<\/p>\n<p><strong>Lire aussi<\/strong><\/p>\n<p><a href=\"https:\/\/www.leaders.com.tn\/article\/30261-bras-de-fer-fakhfakh-ennahdha-ces-ministres-qui-partiront-ne-partiront-pas\" target=\"_blank\" rel=\"noopener noreferrer\">Bras de fer Fakhfakh \u2013 Ennahdha : ces ministres qui partiront\u2026 ne partiront pas<\/a><\/p>\n<p>Auteur:<br \/>\n<a href=\"https:\/\/www.leaders.com.tn\/article\/30263-fakhfakh-et-les-ministres-d-ennahdha-la-jurisprudence-de-chahed-avec-ceux-d-afek-a-t-elle-des-chances-de-fonctionner\">Cliquez ici pour lire l&rsquo;article depuis sa source.<\/a><\/p>\n","protected":false},"excerpt":{"rendered":"<p>Ely\u00e8s Fakhfakh n\u2019est pas le premier chef de gouvernement \u00e0 subir la d\u00e9cision d\u2019un parti de sa coalition, Ennahdha de retirer ses ministres. Avant-lui, Youssef Chahed avait affront\u00e9 la m\u00eame situation en d\u00e9cembre 2017, avec Yassine Brahim, le chef d\u2019Afek Tounes. Souvenez-vous. Le gouvernement Chahed 2, form\u00e9 le 6 septembre 2017, comptait quatre repr\u00e9sentants d\u2019Afek [&hellip;]<\/p>\n","protected":false},"author":1772,"featured_media":0,"comment_status":"closed","ping_status":"closed","sticky":false,"template":"","format":"standard","meta":{"fifu_image_url":"","fifu_image_alt":"","footnotes":""},"categories":[73,55],"tags":[],"class_list":["post-92344","post","type-post","status-publish","format-standard","hentry","category-actualite","category-tunisie"],"_links":{"self":[{"href":"https:\/\/linitiative.ca\/International\/wp-json\/wp\/v2\/posts\/92344","targetHints":{"allow":["GET"]}}],"collection":[{"href":"https:\/\/linitiative.ca\/International\/wp-json\/wp\/v2\/posts"}],"about":[{"href":"https:\/\/linitiative.ca\/International\/wp-json\/wp\/v2\/types\/post"}],"author":[{"embeddable":true,"href":"https:\/\/linitiative.ca\/International\/wp-json\/wp\/v2\/users\/1772"}],"replies":[{"embeddable":true,"href":"https:\/\/linitiative.ca\/International\/wp-json\/wp\/v2\/comments?post=92344"}],"version-history":[{"count":0,"href":"https:\/\/linitiative.ca\/International\/wp-json\/wp\/v2\/posts\/92344\/revisions"}],"wp:attachment":[{"href":"https:\/\/linitiative.ca\/International\/wp-json\/wp\/v2\/media?parent=92344"}],"wp:term":[{"taxonomy":"category","embeddable":true,"href":"https:\/\/linitiative.ca\/International\/wp-json\/wp\/v2\/categories?post=92344"},{"taxonomy":"post_tag","embeddable":true,"href":"https:\/\/linitiative.ca\/International\/wp-json\/wp\/v2\/tags?post=92344"}],"curies":[{"name":"wp","href":"https:\/\/api.w.org\/{rel}","templated":true}]}}