{"id":92345,"date":"2020-07-14T11:34:00","date_gmt":"2020-07-14T15:34:00","guid":{"rendered":"https:\/\/linitiative.ca\/International\/tunisie-une-escalade-dangereuse\/"},"modified":"2020-07-14T11:34:00","modified_gmt":"2020-07-14T15:34:00","slug":"tunisie-une-escalade-dangereuse","status":"publish","type":"post","link":"https:\/\/linitiative.ca\/International\/tunisie-une-escalade-dangereuse\/","title":{"rendered":"Tunisie: une escalade dangereuse"},"content":{"rendered":"<p>Les \u00e9v\u00e8nements se pr\u00e9cipitent en Tunisie laissant pr\u00e9sager une escalade dangereuse. Certes, le feu couvait sous la cendre depuis quelque temps, mais la situation \u00e9tait plus ou moins g\u00e9rable. Ce n\u2019est plus le cas depuis 48 heures apr\u00e8s la d\u00e9cision de la pr\u00e9sidence de l\u2019ARP de permettre \u00e0 \u00ab un invit\u00e9\u00a0\u00bb de la coalition Al Karama qui a partie li\u00e9e avec des associations terroristes d&rsquo;acc\u00e9der \u00e0 l&rsquo;h\u00e9micycle contre l&rsquo;avis de la garde pr\u00e9sidentielle qui assure la s\u00e9curit\u00e9 du parlement.<\/p>\n<p>Sur cet \u00e9v\u00e8nement habilement exploit\u00e9 par Abir Moussi sont venus se greffer, les soup\u00e7ons de conflit d&rsquo;int\u00e9r\u00eat concernant le chef de gouvernement, le retrait possible de confiance au pr\u00e9sident de l&rsquo;ARP, les maladresses des dirigeants d&rsquo;Ennahdha qui se sont empress\u00e9s d&rsquo;entamer des consultations en vue d&rsquo;un remaniement minist\u00e9riel. Ce qu&rsquo;il leur avait valu un d\u00e9saveu de la part du chef de l&rsquo;Etat. Celui-ci n&rsquo;a pas r\u00e2t\u00e9 cette occasion pour leur rappeler que ces consultations ne pouvaient \u00eatre engag\u00e9es tant que le chef de gouvernement \u00e9tait en poste.<\/p>\n<p>Pour le moment, et comme cela lui arrive souvent, Ennahdha joue l&rsquo;apaisement. Elle est m\u00eame pr\u00eate \u00e0 quitter le gouvernement alors que Ely\u00e8s Fakhfakh, r\u00e9vigor\u00e9 par la r\u00e9action du chef de l&rsquo;Etat, est confort\u00e9 dans son poste et a d\u00e9j\u00e0 commenc\u00e9 ses consultations pour remplacer les ministres d&rsquo;Ennahdha. Mais que se passera-il si les soup\u00e7ons dont il fait l&rsquo;objet sont av\u00e9r\u00e9s ?\u00a0<\/p>\n<p>Auteur:<br \/>\n<a href=\"https:\/\/www.leaders.com.tn\/article\/30266-tunisie-une-escalade-dangereuse\">Cliquez ici pour lire l&rsquo;article depuis sa source.<\/a><\/p>\n","protected":false},"excerpt":{"rendered":"<p>Les \u00e9v\u00e8nements se pr\u00e9cipitent en Tunisie laissant pr\u00e9sager une escalade dangereuse. Certes, le feu couvait sous la cendre depuis quelque temps, mais la situation \u00e9tait plus ou moins g\u00e9rable. Ce n\u2019est plus le cas depuis 48 heures apr\u00e8s la d\u00e9cision de la pr\u00e9sidence de l\u2019ARP de permettre \u00e0 \u00ab un invit\u00e9\u00a0\u00bb de la coalition Al [&hellip;]<\/p>\n","protected":false},"author":1772,"featured_media":0,"comment_status":"closed","ping_status":"closed","sticky":false,"template":"","format":"standard","meta":{"fifu_image_url":"","fifu_image_alt":"","footnotes":""},"categories":[73,55],"tags":[],"class_list":["post-92345","post","type-post","status-publish","format-standard","hentry","category-actualite","category-tunisie"],"_links":{"self":[{"href":"https:\/\/linitiative.ca\/International\/wp-json\/wp\/v2\/posts\/92345","targetHints":{"allow":["GET"]}}],"collection":[{"href":"https:\/\/linitiative.ca\/International\/wp-json\/wp\/v2\/posts"}],"about":[{"href":"https:\/\/linitiative.ca\/International\/wp-json\/wp\/v2\/types\/post"}],"author":[{"embeddable":true,"href":"https:\/\/linitiative.ca\/International\/wp-json\/wp\/v2\/users\/1772"}],"replies":[{"embeddable":true,"href":"https:\/\/linitiative.ca\/International\/wp-json\/wp\/v2\/comments?post=92345"}],"version-history":[{"count":0,"href":"https:\/\/linitiative.ca\/International\/wp-json\/wp\/v2\/posts\/92345\/revisions"}],"wp:attachment":[{"href":"https:\/\/linitiative.ca\/International\/wp-json\/wp\/v2\/media?parent=92345"}],"wp:term":[{"taxonomy":"category","embeddable":true,"href":"https:\/\/linitiative.ca\/International\/wp-json\/wp\/v2\/categories?post=92345"},{"taxonomy":"post_tag","embeddable":true,"href":"https:\/\/linitiative.ca\/International\/wp-json\/wp\/v2\/tags?post=92345"}],"curies":[{"name":"wp","href":"https:\/\/api.w.org\/{rel}","templated":true}]}}