{"id":92351,"date":"2020-07-14T11:49:36","date_gmt":"2020-07-14T15:49:36","guid":{"rendered":"https:\/\/linitiative.ca\/International\/coronavirus-recul-du-nombre-de-salaries-en-arret-temporaire-du-travail\/"},"modified":"2020-07-14T11:49:36","modified_gmt":"2020-07-14T15:49:36","slug":"coronavirus-recul-du-nombre-de-salaries-en-arret-temporaire-du-travail","status":"publish","type":"post","link":"https:\/\/linitiative.ca\/International\/coronavirus-recul-du-nombre-de-salaries-en-arret-temporaire-du-travail\/","title":{"rendered":"Coronavirus : recul du nombre de salari\u00e9s en arr\u00eat temporaire du travail"},"content":{"rendered":"<p><strong>Le nombre de salari\u00e9s d\u00e9clar\u00e9s en arr\u00eat temporaire du travail a recul\u00e9 \u00e0 593.000 au titre du mois de juin dernier, a indiqu\u00e9 lundi \u00e0 Rabat, le ministre du Travail et de l\u2019insertion professionnelle, Mohamed Amekraz.<\/strong><\/p>\n<div class=\"c10\"\/>\n<p>En r\u00e9ponse \u00e0 une question centrale sur \u00ab\u00a0La strat\u00e9gie du gouvernement pour la relance de l\u2019emploi apr\u00e8s la crise du coronavirus\u00a0\u00bb \u00e0 la Chambre des repr\u00e9sentants, Mohamed Amekraz a soulign\u00e9 que le nombre de salari\u00e9s d\u00e9clar\u00e9s en arr\u00eat temporaire du travail au titre du mois de juin a recul\u00e9 \u00e0 593.000 employ\u00e9s travaillant dans 95.135 entreprises, relevant que ce constat refl\u00e8te l\u2019existence d\u2019une relance importante de l\u2019\u00e9conomie nationale depuis juin dernier.<\/p>\n<p><strong>Lire aussi |<\/strong> <a rel=\"noreferrer noopener\" href=\"https:\/\/www.challenge.ma\/hausse-des-droits-de-douane-ce-quen-disent-les-operateurs-148989\/\" target=\"_blank\"><strong>Hausse des droits de douane sur les produits d\u2019importation : ce qu\u2019en pensent les op\u00e9rateurs<\/strong><\/a><\/p>\n<p>\u00ab\u00a0Le nombre de salari\u00e9s en arr\u00eat temporaire du travail en raison de la pand\u00e9mie de la Covid-19, et d\u00e9clar\u00e9s \u00e0 la Caisse nationale de s\u00e9curit\u00e9 sociale (CNSS), et qui ont b\u00e9n\u00e9fici\u00e9 des aides du fonds sp\u00e9cial pour la gestion de la pand\u00e9mie est pass\u00e9 de 716.000 durant le mois de mars \u00e0 892.711 salari\u00e9s en avril, puis \u00e0 900.914 employ\u00e9s durant le mois de mai\u00a0\u00bb, a-t-il dit. Selon les donn\u00e9es fournies par le ministre \u00e0 cet \u00e9gard, le secteur de l\u2019h\u00e9bergement et de la restauration est consid\u00e9r\u00e9 comme l\u2019un des secteurs les plus touch\u00e9s par la pand\u00e9mie, en ce sens que 93% des entreprises op\u00e9rant dans ce secteur ont d\u00e9clar\u00e9 \u00eatre dans une situation difficile, suivi par le secteur des services administratifs et les activit\u00e9s de soutien aux affaires (76%), puis celui des industries manufacturi\u00e8res (71%) et le secteur de la construction (70%).<\/p>\n<p>Dans le cadre de la protection des droits des salari\u00e9s et des employ\u00e9s, Mohamed Amekraz a fait observer que le gouvernement a insist\u00e9 sur la relation contractuelle entre les employeurs et les employ\u00e9s qui devrait continuer, en consid\u00e9rant la p\u00e9riode entre le 15 mars et le 30 juin 2020, comme \u00ab\u00a0une p\u00e9riode d\u2019arr\u00eat temporaire du travail\u00a0\u00bb, conform\u00e9ment aux dispositions de l\u2019article 32 du Code du travail.<\/p>\n<p><strong>Lire aussi |<\/strong> <a rel=\"noreferrer noopener\" href=\"https:\/\/www.challenge.ma\/le-projet-de-loi-de-finances-rectificative-adopte-par-la-chambre-des-representants-148946\/\" target=\"_blank\"><strong>Le projet de loi de finances rectificative adopt\u00e9 par la Chambre des repr\u00e9sentants<\/strong><\/a><\/p>\n<p>En guise d\u2019accompagnement de l\u2019op\u00e9ration de reprise des entreprises de leurs activit\u00e9s, Mohamed Amekraz a relev\u00e9 qu\u2019au cours du mois de juin dernier, les agents du travail ont effectu\u00e9 des visites \u00e0 environ 4.696 unit\u00e9s de production qui ont repris leurs activit\u00e9s, ajoutant que ces entreprises qui employaient 342.000 salari\u00e9s dans les conditions normales, ont vu le retour de 219.500 employ\u00e9s.<\/p>\n<p>Le ministre a, en outre, not\u00e9 que le secteur du Travail et de l\u2019insertion professionnelle s\u2019att\u00e8lera \u00e0 accompagner les entreprises et les personnes ayant perdu leur travail ainsi que les demandeurs d\u2019emploi, \u00e0 travers des proc\u00e9dures qui concernent particuli\u00e8rement l\u2019accompagnement des entreprises pour r\u00e9pondre aux besoins de comp\u00e9tences, notamment l\u2019adaptation des comp\u00e9tences des ressources humaines dont elles auront besoin dans le cadre de la transformation de leur activit\u00e9 ou du lancement d\u2019une nouvelle activit\u00e9 ou d\u2019un nouveau produit.<\/p>\n<p>Avec MAP<\/p>\n<div class=\"vw-sticky-sidebar-wrapper vw-sticky-sidebar widget_text awac-wrapper widget_text awac widget custom_html-4 textwidget custom-html-widget\">\n<p class=\"has-background c12\"><span class=\"widget-title c11\">Tribune et D\u00e9bats<\/span><\/p>\n<p>La tribune qui vous parle d\u2019une actu, d\u2019un sujet qui fait d\u00e9bat, les traitent et les analysent. \u00c9conomistes et autres experts, patrons d\u2019entreprises, d\u00e9cideurs, acteurs de la soci\u00e9t\u00e9 civile, s\u2019y prononcent et contribuent \u00e0 sa grande richesse. Vous avez votre opinion, convergente ou diff\u00e9rente. Exprimez-la et mesurez-vous ainsi \u00e0 nos tribuns et d\u00e9batteurs.<\/p>\n<p>Envoyez vos analyses \u00e0 : <a href=\"\/cdn-cgi\/l\/email-protection#771418190316140337141f161b1b12191012591a16\"><span class=\"__cf_email__\" data-cfemail=\"35565a5b4154564175565d545959505b52501b5854\">[email\u00a0protected]<\/span><\/a>, en pr\u00e9cisant votre nom, votre pr\u00e9nom et votre m\u00e9tier.<\/p>\n<\/div>\n<p>Auteur: Hajar DARI<br \/>\n<a href=\"https:\/\/www.challenge.ma\/coronavirus-recul-du-nombre-de-salaries-en-arret-temporaire-du-travail-149058\/\">Cliquez ici pour lire l&rsquo;article depuis sa source.<\/a><\/p>\n","protected":false},"excerpt":{"rendered":"<p>Le nombre de salari\u00e9s d\u00e9clar\u00e9s en arr\u00eat temporaire du travail a recul\u00e9 \u00e0 593.000 au titre du mois de juin dernier, a indiqu\u00e9 lundi \u00e0 Rabat, le ministre du Travail et de l\u2019insertion professionnelle, Mohamed Amekraz. En r\u00e9ponse \u00e0 une question centrale sur \u00ab\u00a0La strat\u00e9gie du gouvernement pour la relance de l\u2019emploi apr\u00e8s la crise [&hellip;]<\/p>\n","protected":false},"author":1787,"featured_media":0,"comment_status":"closed","ping_status":"closed","sticky":false,"template":"","format":"standard","meta":{"fifu_image_url":"","fifu_image_alt":"","footnotes":""},"categories":[78,54],"tags":[],"class_list":["post-92351","post","type-post","status-publish","format-standard","hentry","category-economie","category-maroc"],"_links":{"self":[{"href":"https:\/\/linitiative.ca\/International\/wp-json\/wp\/v2\/posts\/92351","targetHints":{"allow":["GET"]}}],"collection":[{"href":"https:\/\/linitiative.ca\/International\/wp-json\/wp\/v2\/posts"}],"about":[{"href":"https:\/\/linitiative.ca\/International\/wp-json\/wp\/v2\/types\/post"}],"author":[{"embeddable":true,"href":"https:\/\/linitiative.ca\/International\/wp-json\/wp\/v2\/users\/1787"}],"replies":[{"embeddable":true,"href":"https:\/\/linitiative.ca\/International\/wp-json\/wp\/v2\/comments?post=92351"}],"version-history":[{"count":0,"href":"https:\/\/linitiative.ca\/International\/wp-json\/wp\/v2\/posts\/92351\/revisions"}],"wp:attachment":[{"href":"https:\/\/linitiative.ca\/International\/wp-json\/wp\/v2\/media?parent=92351"}],"wp:term":[{"taxonomy":"category","embeddable":true,"href":"https:\/\/linitiative.ca\/International\/wp-json\/wp\/v2\/categories?post=92351"},{"taxonomy":"post_tag","embeddable":true,"href":"https:\/\/linitiative.ca\/International\/wp-json\/wp\/v2\/tags?post=92351"}],"curies":[{"name":"wp","href":"https:\/\/api.w.org\/{rel}","templated":true}]}}