{"id":92352,"date":"2020-07-14T12:06:35","date_gmt":"2020-07-14T16:06:35","guid":{"rendered":"https:\/\/linitiative.ca\/International\/savent-ils-ce-quils-font\/"},"modified":"2020-07-14T12:06:35","modified_gmt":"2020-07-14T16:06:35","slug":"savent-ils-ce-quils-font","status":"publish","type":"post","link":"https:\/\/linitiative.ca\/International\/savent-ils-ce-quils-font\/","title":{"rendered":"Savent-ils ce qu\u2019ils font ?"},"content":{"rendered":"<p><strong>La loi de finances rectificative a \u00e9t\u00e9 vot\u00e9e, sans surprises. Les partis de la majorit\u00e9 ont \u00e9t\u00e9 disciplin\u00e9s, malgr\u00e9 les prises de parole tonitruantes, l\u2019opposition a elle aussi vot\u00e9 contre, comme un seul homme. Ce Parlement sert-il vraiment \u00e0 autre chose que l\u2019affichage d\u2019une d\u00e9mocratie de fa\u00e7ade\u00a0? Il est permis d\u2019en douter s\u00e9rieusement.<\/strong><\/p>\n<div class=\"c10\"\/>\n<p>Ce qui est inqui\u00e9tant, c\u2019est que l\u2019ex\u00e9cutif ne donne aucune indication sur ce qu\u2019il compte nous proposer comme projet d\u2019avenir. Le Maroc de l\u2019apr\u00e8s-Covid-19 ne peut pas \u00eatre dans la continuit\u00e9. Il nous faut choisir de nouveaux secteurs, renforcer la protection sociale, faire de l\u2019environnement une priorit\u00e9. De tout cela, les discours de l\u2019ex\u00e9cutif n\u2019en fait point \u00e9tat. On est oblig\u00e9 de constater que nous sommes gouvern\u00e9s par des joueurs de dames quand nous aspirons \u00e0 une gouvernance de joueurs d\u2019\u00e9checs, c\u2019est-\u00e0-dire \u00e0 des strat\u00e9gies.<\/p>\n<p><strong>Lire aussi |<\/strong> <a rel=\"noreferrer noopener\" href=\"https:\/\/www.challenge.ma\/le-projet-de-loi-de-finances-rectificative-adopte-par-la-chambre-des-representants-148946\/\" target=\"_blank\"><strong>Le projet de loi de finances rectificative adopt\u00e9 par la Chambre des repr\u00e9sentants<\/strong><\/a><\/p>\n<p>Ils ne savent pas o\u00f9 ils veulent aller. S\u00e9n\u00e8que disait il n\u2019y a pas de vent favorable pour qui ne conna\u00eet pas son cap. Ils ne savent m\u00eame pas comment ils vont organiser la rentr\u00e9e scolaire tout en diminuant le budget de l\u2019\u00c9ducation nationale de 15 milliards de DH.<\/p>\n<p><strong>Lire aussi |<\/strong> <a rel=\"noreferrer noopener\" aria-label=\" (opens in a new tab)\" href=\"https:\/\/www.challenge.ma\/leducation-sacrifiee-148823\/\" target=\"_blank\"><strong>Maroc : l\u2019Education sacrifi\u00e9e<\/strong><\/a><\/p>\n<p>Ce pays n\u2019a plus de boussole. La confiance dans les institutions d\u00e9cline \u00e0 une vitesse vertigineuse au point que plus personne n\u2019applique les r\u00e8gles sanitaires. Les Marocains, faute d\u2019un projet commun, sont partag\u00e9s entre le fatalisme et l\u2019individualisme forcen\u00e9. D\u2019autres pr\u00e9f\u00e8rent aller voir ailleurs si les prairies sont plus vertes .Je ne suis pas un opposant \u00e0 la politique de l\u2019ex\u00e9cutif, \u00a0parce qu\u2019il n\u2019y en a pas. Au meilleur de leur forme, ils sont dignes d\u2019\u00eatre des chefs de service dans une administration centrale en sous-effectif.<\/p>\n<p><strong>Lire aussi | <a href=\"https:\/\/www.challenge.ma\/transgression-de-letat-durgence-sanitaire-au-maroc-a-quand-la-tolerance-zero-148831\/\">Transgression de l\u2019Etat d\u2019urgence sanitaire au Maroc : \u00e0 quand la tol\u00e9rance z\u00e9ro ?\u00a0<\/a><\/strong><\/p>\n<p>Alors imaginons collectivement un autre chemin, qui passera n\u00e9cessairement par une v\u00e9ritable d\u00e9mocratie, qui aura d\u2019autres objectifs que celui de corrompre quelques \u00e9lites, qui acceptent de jouer les comparses contre de menus privil\u00e8ges.<\/p>\n<div class=\"vw-sticky-sidebar-wrapper vw-sticky-sidebar widget_text awac-wrapper widget_text awac widget custom_html-4 textwidget custom-html-widget\">\n<p class=\"has-background c12\"><span class=\"widget-title c11\">Tribune et D\u00e9bats<\/span><\/p>\n<p>La tribune qui vous parle d\u2019une actu, d\u2019un sujet qui fait d\u00e9bat, les traitent et les analysent. \u00c9conomistes et autres experts, patrons d\u2019entreprises, d\u00e9cideurs, acteurs de la soci\u00e9t\u00e9 civile, s\u2019y prononcent et contribuent \u00e0 sa grande richesse. Vous avez votre opinion, convergente ou diff\u00e9rente. Exprimez-la et mesurez-vous ainsi \u00e0 nos tribuns et d\u00e9batteurs.<\/p>\n<p>Envoyez vos analyses \u00e0 : <a href=\"\/cdn-cgi\/l\/email-protection#6d0e0203190c0e192d0e050c010108030a0843000c\"><span class=\"__cf_email__\" data-cfemail=\"4d2e2223392c2e390d2e252c212128232a2863202c\">[email\u00a0protected]<\/span><\/a>, en pr\u00e9cisant votre nom, votre pr\u00e9nom et votre m\u00e9tier.<\/p>\n<\/div>\n<p>Auteur: Jamal Berraoui<br \/>\n<a href=\"https:\/\/www.challenge.ma\/savent-ils-ce-quils-font-149072\/\">Cliquez ici pour lire l&rsquo;article depuis sa source.<\/a><\/p>\n","protected":false},"excerpt":{"rendered":"<p>La loi de finances rectificative a \u00e9t\u00e9 vot\u00e9e, sans surprises. Les partis de la majorit\u00e9 ont \u00e9t\u00e9 disciplin\u00e9s, malgr\u00e9 les prises de parole tonitruantes, l\u2019opposition a elle aussi vot\u00e9 contre, comme un seul homme. Ce Parlement sert-il vraiment \u00e0 autre chose que l\u2019affichage d\u2019une d\u00e9mocratie de fa\u00e7ade\u00a0? Il est permis d\u2019en douter s\u00e9rieusement. Ce qui [&hellip;]<\/p>\n","protected":false},"author":1787,"featured_media":0,"comment_status":"closed","ping_status":"closed","sticky":false,"template":"","format":"standard","meta":{"fifu_image_url":"","fifu_image_alt":"","footnotes":""},"categories":[78,54],"tags":[],"class_list":["post-92352","post","type-post","status-publish","format-standard","hentry","category-economie","category-maroc"],"_links":{"self":[{"href":"https:\/\/linitiative.ca\/International\/wp-json\/wp\/v2\/posts\/92352","targetHints":{"allow":["GET"]}}],"collection":[{"href":"https:\/\/linitiative.ca\/International\/wp-json\/wp\/v2\/posts"}],"about":[{"href":"https:\/\/linitiative.ca\/International\/wp-json\/wp\/v2\/types\/post"}],"author":[{"embeddable":true,"href":"https:\/\/linitiative.ca\/International\/wp-json\/wp\/v2\/users\/1787"}],"replies":[{"embeddable":true,"href":"https:\/\/linitiative.ca\/International\/wp-json\/wp\/v2\/comments?post=92352"}],"version-history":[{"count":0,"href":"https:\/\/linitiative.ca\/International\/wp-json\/wp\/v2\/posts\/92352\/revisions"}],"wp:attachment":[{"href":"https:\/\/linitiative.ca\/International\/wp-json\/wp\/v2\/media?parent=92352"}],"wp:term":[{"taxonomy":"category","embeddable":true,"href":"https:\/\/linitiative.ca\/International\/wp-json\/wp\/v2\/categories?post=92352"},{"taxonomy":"post_tag","embeddable":true,"href":"https:\/\/linitiative.ca\/International\/wp-json\/wp\/v2\/tags?post=92352"}],"curies":[{"name":"wp","href":"https:\/\/api.w.org\/{rel}","templated":true}]}}