{"id":92356,"date":"2020-07-14T11:32:49","date_gmt":"2020-07-14T15:32:49","guid":{"rendered":"https:\/\/linitiative.ca\/International\/derniere-minute-3-nouvelles-contaminations-importees-et-une-contamination-locale\/"},"modified":"2020-07-14T11:32:49","modified_gmt":"2020-07-14T15:32:49","slug":"derniere-minute-3-nouvelles-contaminations-importees-et-une-contamination-locale","status":"publish","type":"post","link":"https:\/\/linitiative.ca\/International\/derniere-minute-3-nouvelles-contaminations-importees-et-une-contamination-locale\/","title":{"rendered":"Derni\u00e8re minute : 3 nouvelles contaminations import\u00e9es et une contamination locale"},"content":{"rendered":"<div class=\"post-cont-in left relative\">\n<p>Le minist\u00e8re de la Sant\u00e9 vient d\u2019annoncer que 4 nouvelles contaminations, dont 3\u00a0 import\u00e9es et une locale, ont \u00e9t\u00e9 enregistr\u00e9es \u00e0 la date du 12 juillet 2020. Ainsi, le nombre des personnes atteintes depuis le d\u00e9but de la crise sanitaire passe \u00e0 1306.<\/p>\n<div class=\"code-block code-block-1 c3\"><ins class=\"adsbygoogle c2\" data-ad-layout=\"in-article\" data-ad-format=\"fluid\" data-ad-client=\"ca-pub-2102118777505746\" data-ad-slot=\"7301775417\"\/> <\/div>\n<p><img loading=\"lazy\" decoding=\"async\" class=\"alignnone size-full wp-image-537567\" src=\"https:\/\/www.tunisienumerique.com\/wp-content\/uploads\/2020\/07\/108396441_3259590867413328_4123241615946869137_o.jpg\" alt=\"\" width=\"672\" height=\"960\" srcset=\"https:\/\/www.tunisienumerique.com\/wp-content\/uploads\/2020\/07\/108396441_3259590867413328_4123241615946869137_o.jpg 672w, https:\/\/www.tunisienumerique.com\/wp-content\/uploads\/2020\/07\/108396441_3259590867413328_4123241615946869137_o-600x857.jpg 600w\" sizes=\"auto, (max-width: 672px) 100vw, 672px\"\/><\/p>\n<div class=\"swp_social_panel swp_horizontal_panel swp_flat_fresh swp_default_full_color swp_individual_full_color swp_other_full_color scale-100 scale-\" data-min-width=\"1100\" data-float-color=\"#ffffff\" data-float=\"bottom\" data-float-mobile=\"bottom\" data-transition=\"slide\">\n<div class=\"nc_tweetContainer swp_share_button total_shares total_sharesalt\"><span class=\"swp_count\">15 <span class=\"swp_label\">Partages<\/span><\/span><\/div>\n<\/div>\n<p><strong>Que se passe-t-il en Tunisie?<\/strong><br \/>Nous expliquons sur notre <a href=\"https:\/\/www.youtube.com\/channel\/UCRzypVq0B_yBad5eGrwBx0Q?sub_confirmation=1\" target=\"_blank\" rel=\"noopener noreferrer\">cha\u00eene YouTube<\/a> . <a href=\"https:\/\/www.youtube.com\/channel\/UCRzypVq0B_yBad5eGrwBx0Q?sub_confirmation=1\" target=\"_blank\" rel=\"noopener noreferrer\">Abonnez-vous!<\/a><\/p>\n<div class=\"mvp-org-wrap mvp-org-logo\" itemprop=\"publisher\" itemscope=\"\" itemtype=\"https:\/\/schema.org\/Organization\"><img decoding=\"async\" src=\"https:\/\/www.tunisienumerique.com\/wp-content\/uploads\/2017\/02\/logo_tunisie_numerique.png\"\/><\/div>\n<div class=\"mvp-related-posts left relative\">\n<h4 class=\"post-header\"><span class=\"post-header\">Lire aussi<\/span><\/h4>\n<\/div>\n<div id=\"article-ad\"><ins class=\"adsbygoogle c4\" data-ad-client=\"ca-pub-2102118777505746\" data-ad-slot=\"6513972734\" data-ad-format=\"auto\" data-full-width-responsive=\"true\"\/> <\/div>\n<\/div>\n<div id=\"post-sidebar-wrap\"><ins class=\"adsbygoogle c4\" data-ad-client=\"ca-pub-2102118777505746\" data-ad-slot=\"6168283410\" data-ad-format=\"auto\" data-full-width-responsive=\"true\"\/> <\/div>\n<p>Auteur: Laameri Dorsaf<br \/>\n<a href=\"https:\/\/www.tunisienumerique.com\/derniere-minute-3-nouvelles-contaminations-importees-et-une-contamination-locale\/\">Cliquez ici pour lire l&rsquo;article depuis sa source.<\/a><\/p>\n","protected":false},"excerpt":{"rendered":"<p>Le minist\u00e8re de la Sant\u00e9 vient d\u2019annoncer que 4 nouvelles contaminations, dont 3\u00a0 import\u00e9es et une locale, ont \u00e9t\u00e9 enregistr\u00e9es \u00e0 la date du 12 juillet 2020. Ainsi, le nombre des personnes atteintes depuis le d\u00e9but de la crise sanitaire passe \u00e0 1306. 15 Partages Que se passe-t-il en Tunisie?Nous expliquons sur notre cha\u00eene YouTube [&hellip;]<\/p>\n","protected":false},"author":1789,"featured_media":92357,"comment_status":"closed","ping_status":"closed","sticky":false,"template":"","format":"standard","meta":{"fifu_image_url":"","fifu_image_alt":"","footnotes":""},"categories":[73,55],"tags":[],"class_list":["post-92356","post","type-post","status-publish","format-standard","has-post-thumbnail","hentry","category-actualite","category-tunisie"],"_links":{"self":[{"href":"https:\/\/linitiative.ca\/International\/wp-json\/wp\/v2\/posts\/92356","targetHints":{"allow":["GET"]}}],"collection":[{"href":"https:\/\/linitiative.ca\/International\/wp-json\/wp\/v2\/posts"}],"about":[{"href":"https:\/\/linitiative.ca\/International\/wp-json\/wp\/v2\/types\/post"}],"author":[{"embeddable":true,"href":"https:\/\/linitiative.ca\/International\/wp-json\/wp\/v2\/users\/1789"}],"replies":[{"embeddable":true,"href":"https:\/\/linitiative.ca\/International\/wp-json\/wp\/v2\/comments?post=92356"}],"version-history":[{"count":0,"href":"https:\/\/linitiative.ca\/International\/wp-json\/wp\/v2\/posts\/92356\/revisions"}],"wp:featuredmedia":[{"embeddable":true,"href":"https:\/\/linitiative.ca\/International\/wp-json\/"}],"wp:attachment":[{"href":"https:\/\/linitiative.ca\/International\/wp-json\/wp\/v2\/media?parent=92356"}],"wp:term":[{"taxonomy":"category","embeddable":true,"href":"https:\/\/linitiative.ca\/International\/wp-json\/wp\/v2\/categories?post=92356"},{"taxonomy":"post_tag","embeddable":true,"href":"https:\/\/linitiative.ca\/International\/wp-json\/wp\/v2\/tags?post=92356"}],"curies":[{"name":"wp","href":"https:\/\/api.w.org\/{rel}","templated":true}]}}