{"id":92358,"date":"2020-07-14T11:36:21","date_gmt":"2020-07-14T15:36:21","guid":{"rendered":"https:\/\/linitiative.ca\/International\/discours-dolivier-poivre-darvor-a-loccasion-de-la-fete-du-14-juillet\/"},"modified":"2020-07-14T11:36:21","modified_gmt":"2020-07-14T15:36:21","slug":"discours-dolivier-poivre-darvor-a-loccasion-de-la-fete-du-14-juillet","status":"publish","type":"post","link":"https:\/\/linitiative.ca\/International\/discours-dolivier-poivre-darvor-a-loccasion-de-la-fete-du-14-juillet\/","title":{"rendered":"Discours d\u2019Olivier Poivre d\u2019Arvor \u00e0 l\u2019occasion de la f\u00eate du 14 juillet"},"content":{"rendered":"<div class=\"post-cont-in left relative\">\n<p>A l\u2019occasion de la F\u00eate nationale fran\u00e7aise, l\u2019ambassadeur de <a href=\"https:\/\/www.tunisienumerique.com\/tunisie-actualite\/france\/\" title=\"France\" target=\"_top\" class=\"auto-link\" rel=\"noopener noreferrer\">France<\/a> en Tunisie, Olivier Poivre d\u2019Arvor a prononc\u00e9 un discours durant lequel il a pr\u00e9ciser que cette ann\u00e9e, il a tenu \u00e0 renoncer \u00e0 la r\u00e9ception traditionnelle du 14 juillet, dans le but de ne pas occasionner le moindre risque.<\/p>\n<div class=\"code-block code-block-1 c4\"><ins class=\"adsbygoogle c3\" data-ad-layout=\"in-article\" data-ad-format=\"fluid\" data-ad-client=\"ca-pub-2102118777505746\" data-ad-slot=\"7301775417\"\/> <\/div>\n<p>Ci joint le discours int\u00e9gral de l\u2019ambassadeur :<\/p>\n<p><a href=\"https:\/\/www.tunisienumerique.com\/wp-content\/uploads\/2020\/07\/Discours-Tunis-14-juillet-2020.doc\" target=\"_blank\" rel=\"noopener noreferrer\">Discours Tunis 14 juillet 2020<\/a><\/p>\n<div class=\"swp_social_panel swp_horizontal_panel swp_flat_fresh swp_default_full_color swp_individual_full_color swp_other_full_color scale-100 scale-\" data-min-width=\"1100\" data-float-color=\"#ffffff\" data-float=\"bottom\" data-float-mobile=\"bottom\" data-transition=\"slide\">\n<div class=\"nc_tweetContainer swp_share_button total_shares total_sharesalt\"><span class=\"swp_count\">56 <span class=\"swp_label\">Partages<\/span><\/span><\/div>\n<\/div>\n<p><strong>Que se passe-t-il en Tunisie?<\/strong><br \/>Nous expliquons sur notre <a href=\"https:\/\/www.youtube.com\/channel\/UCRzypVq0B_yBad5eGrwBx0Q?sub_confirmation=1\" target=\"_blank\" rel=\"noopener noreferrer\">cha\u00eene YouTube<\/a> . <a href=\"https:\/\/www.youtube.com\/channel\/UCRzypVq0B_yBad5eGrwBx0Q?sub_confirmation=1\" target=\"_blank\" rel=\"noopener noreferrer\">Abonnez-vous!<\/a><\/p>\n<div class=\"mvp-org-wrap mvp-org-logo\" itemprop=\"publisher\" itemscope=\"\" itemtype=\"https:\/\/schema.org\/Organization\"><img decoding=\"async\" src=\"https:\/\/www.tunisienumerique.com\/wp-content\/uploads\/2017\/02\/logo_tunisie_numerique.png\"\/><\/div>\n<div class=\"mvp-related-posts left relative\">\n<h4 class=\"post-header\"><span class=\"post-header\">Lire aussi<\/span><\/h4>\n<\/div>\n<div id=\"article-ad\"><ins class=\"adsbygoogle c5\" data-ad-client=\"ca-pub-2102118777505746\" data-ad-slot=\"6513972734\" data-ad-format=\"auto\" data-full-width-responsive=\"true\"\/> <\/div>\n<\/div>\n<div id=\"post-sidebar-wrap\"><ins class=\"adsbygoogle c5\" data-ad-client=\"ca-pub-2102118777505746\" data-ad-slot=\"6168283410\" data-ad-format=\"auto\" data-full-width-responsive=\"true\"\/> <\/div>\n<p>Auteur: Laameri Dorsaf<br \/>\n<a href=\"https:\/\/www.tunisienumerique.com\/discours-dolivier-poivre-darvor-a-loccasion-de-la-fete-du-14-juillet\/\">Cliquez ici pour lire l&rsquo;article depuis sa source.<\/a><\/p>\n","protected":false},"excerpt":{"rendered":"<p>A l\u2019occasion de la F\u00eate nationale fran\u00e7aise, l\u2019ambassadeur de France en Tunisie, Olivier Poivre d\u2019Arvor a prononc\u00e9 un discours durant lequel il a pr\u00e9ciser que cette ann\u00e9e, il a tenu \u00e0 renoncer \u00e0 la r\u00e9ception traditionnelle du 14 juillet, dans le but de ne pas occasionner le moindre risque. Ci joint le discours int\u00e9gral de [&hellip;]<\/p>\n","protected":false},"author":1789,"featured_media":92359,"comment_status":"closed","ping_status":"closed","sticky":false,"template":"","format":"standard","meta":{"fifu_image_url":"","fifu_image_alt":"","footnotes":""},"categories":[73,55],"tags":[],"class_list":["post-92358","post","type-post","status-publish","format-standard","has-post-thumbnail","hentry","category-actualite","category-tunisie"],"_links":{"self":[{"href":"https:\/\/linitiative.ca\/International\/wp-json\/wp\/v2\/posts\/92358","targetHints":{"allow":["GET"]}}],"collection":[{"href":"https:\/\/linitiative.ca\/International\/wp-json\/wp\/v2\/posts"}],"about":[{"href":"https:\/\/linitiative.ca\/International\/wp-json\/wp\/v2\/types\/post"}],"author":[{"embeddable":true,"href":"https:\/\/linitiative.ca\/International\/wp-json\/wp\/v2\/users\/1789"}],"replies":[{"embeddable":true,"href":"https:\/\/linitiative.ca\/International\/wp-json\/wp\/v2\/comments?post=92358"}],"version-history":[{"count":0,"href":"https:\/\/linitiative.ca\/International\/wp-json\/wp\/v2\/posts\/92358\/revisions"}],"wp:featuredmedia":[{"embeddable":true,"href":"https:\/\/linitiative.ca\/International\/wp-json\/"}],"wp:attachment":[{"href":"https:\/\/linitiative.ca\/International\/wp-json\/wp\/v2\/media?parent=92358"}],"wp:term":[{"taxonomy":"category","embeddable":true,"href":"https:\/\/linitiative.ca\/International\/wp-json\/wp\/v2\/categories?post=92358"},{"taxonomy":"post_tag","embeddable":true,"href":"https:\/\/linitiative.ca\/International\/wp-json\/wp\/v2\/tags?post=92358"}],"curies":[{"name":"wp","href":"https:\/\/api.w.org\/{rel}","templated":true}]}}