{"id":92380,"date":"2020-07-13T23:13:51","date_gmt":"2020-07-14T03:13:51","guid":{"rendered":"https:\/\/linitiative.ca\/International\/le-cameroun-veut-lever-25-milliards-de-f-cfa-sur-le-marche-sous-regional\/"},"modified":"2020-07-13T23:13:51","modified_gmt":"2020-07-14T03:13:51","slug":"le-cameroun-veut-lever-25-milliards-de-f-cfa-sur-le-marche-sous-regional","status":"publish","type":"post","link":"https:\/\/linitiative.ca\/International\/le-cameroun-veut-lever-25-milliards-de-f-cfa-sur-le-marche-sous-regional\/","title":{"rendered":"Le Cameroun veut lever 25 milliards de F CFA sur le march\u00e9 sous-r\u00e9gional"},"content":{"rendered":"<div class=\"featured-area featured-area-inner\"><img loading=\"lazy\" decoding=\"async\" width=\"1030\" height=\"515\" src=\"https:\/\/ecomatin.net\/wp-content\/uploads\/2020\/07\/beac-1.png\" class=\"attachment-full size-full wp-post-image\" alt=\"\" srcset=\"https:\/\/ecomatin.net\/wp-content\/uploads\/2020\/07\/beac-1.png 1030w, https:\/\/ecomatin.net\/wp-content\/uploads\/2020\/07\/beac-1-300x150.png 300w, https:\/\/ecomatin.net\/wp-content\/uploads\/2020\/07\/beac-1-1024x512.png 1024w, https:\/\/ecomatin.net\/wp-content\/uploads\/2020\/07\/beac-1-768x384.png 768w, https:\/\/ecomatin.net\/wp-content\/uploads\/2020\/07\/beac-1-600x300.png 600w\" sizes=\"auto, (max-width: 1030px) 100vw, 1030px\" data-attachment-id=\"17028\" data-permalink=\"https:\/\/ecomatin.net\/le-cameroun-veut-lever-25-milliards-de-f-cfa-sur-le-marche-sous-regional\/beac-1\/\" data-orig-file=\"https:\/\/ecomatin.net\/wp-content\/uploads\/2020\/07\/beac-1.png\" data-orig-size=\"1030,515\" data-comments-opened=\"0\" data-image-meta=\"{&quot;aperture&quot;:&quot;0&quot;,&quot;credit&quot;:&quot;&quot;,&quot;camera&quot;:&quot;&quot;,&quot;caption&quot;:&quot;&quot;,&quot;created_timestamp&quot;:&quot;0&quot;,&quot;copyright&quot;:&quot;&quot;,&quot;focal_length&quot;:&quot;0&quot;,&quot;iso&quot;:&quot;0&quot;,&quot;shutter_speed&quot;:&quot;0&quot;,&quot;title&quot;:&quot;&quot;,&quot;orientation&quot;:&quot;0&quot;}\" data-image-title=\"beac (1)\" data-image-description=\"\" data-medium-file=\"https:\/\/ecomatin.net\/wp-content\/uploads\/2020\/07\/beac-1-300x150.png\" data-large-file=\"https:\/\/ecomatin.net\/wp-content\/uploads\/2020\/07\/beac-1-1024x512.png\"\/><\/div>\n<div class=\"entry-content entry clearfix\" readability=\"27.935166994106\">\n<p>Comme pr\u00e9vu dans le calendrier pr\u00e9visionnel des \u00e9missions de titres publics du troisi\u00e8me trimestre 2020, le tr\u00e9sor public camerounais repart ce 15 juillet 2020 sur le march\u00e9 mon\u00e9taire de la Banque des Etats de l\u2019Afrique centrale(Beac). Le pays proc\u00e8dera \u00e0 une \u00e9mission, par voie d\u2019adjudication, des Bons du tr\u00e9sor assimilables(BTA) \u00e0 26 semaines de maturit\u00e9. Une op\u00e9ration qui vise \u00e0 mobiliser une enveloppe de financement de 25 milliards de F CFA.<\/p>\n<p><strong>Lire aussi<\/strong> : <a href=\"https:\/\/ecomatin.net\/emission-de-titres-publics-le-cameroun-veut-mobiliser-110-milliards-de-f-cfa-au-3e-trimestre\/\">Emission de titres publics\u00a0: le Cameroun veut mobiliser 110 milliards de F CFA au 3<sup>e<\/sup> trimestre<\/a><\/p>\n<p>Avec une valeur nominale unitaire d\u2019un million de FCFA, l\u2019op\u00e9ration se d\u00e9roulera aupr\u00e8s de 21 banques et \u00e9tablissements financiers du pays \u00e9metteur, mais aussi du Gabon, du Congo-Brazzaville, de la RCA et du Tchad agr\u00e9es comme Sp\u00e9cialistes en valeurs du Tr\u00e9sor(SVT). Il s\u2019agit de la deuxi\u00e8me des trois op\u00e9rations de ce type pr\u00e9vus au mois de juillet de cette ann\u00e9e.<\/p>\n<p><strong>Lire aussi<\/strong> : <a href=\"https:\/\/ecomatin.net\/marche-des-titres-publics-le-cameroun-et-le-gabon-levent-pres-de-115-milliards-de-f-cfa-en-une-semaine\/\">March\u00e9 des titres publics\u00a0: le Cameroun et le Gabon l\u00e8vent pr\u00e8s de 115 milliards de F CFA en une semaine<\/a><\/p>\n<p>Pour rappel, le calendrier pr\u00e9visionnel des op\u00e9rations du Cameroun sur ce march\u00e9 pour le compte du troisi\u00e8me trimestre 2020, pr\u00e9voit des \u00e9missions de titres publics pour un montant global de 110 milliards de F CFA.<\/p>\n<div class=\"awac-wrapper awac widget posts-list-widget-11\">\n<h4 class=\"widget-title\">Le plus r\u00e9cent<\/h4>\n<\/div>\n<\/div>\n<p>Auteur: Eco Matin<br \/>\n<a href=\"https:\/\/ecomatin.net\/le-cameroun-veut-lever-25-milliards-de-f-cfa-sur-le-marche-sous-regional\/\">Cliquez ici pour lire l&rsquo;article depuis sa source.<\/a><\/p>\n","protected":false},"excerpt":{"rendered":"<p>Comme pr\u00e9vu dans le calendrier pr\u00e9visionnel des \u00e9missions de titres publics du troisi\u00e8me trimestre 2020, le tr\u00e9sor public camerounais repart ce 15 juillet 2020 sur le march\u00e9 mon\u00e9taire de la Banque des Etats de l\u2019Afrique centrale(Beac). Le pays proc\u00e8dera \u00e0 une \u00e9mission, par voie d\u2019adjudication, des Bons du tr\u00e9sor assimilables(BTA) \u00e0 26 semaines de maturit\u00e9. [&hellip;]<\/p>\n","protected":false},"author":1969,"featured_media":92381,"comment_status":"closed","ping_status":"closed","sticky":false,"template":"","format":"standard","meta":{"fifu_image_url":"","fifu_image_alt":"","footnotes":""},"categories":[82,78],"tags":[],"class_list":["post-92380","post","type-post","status-publish","format-standard","has-post-thumbnail","hentry","category-cameroun","category-economie"],"_links":{"self":[{"href":"https:\/\/linitiative.ca\/International\/wp-json\/wp\/v2\/posts\/92380","targetHints":{"allow":["GET"]}}],"collection":[{"href":"https:\/\/linitiative.ca\/International\/wp-json\/wp\/v2\/posts"}],"about":[{"href":"https:\/\/linitiative.ca\/International\/wp-json\/wp\/v2\/types\/post"}],"author":[{"embeddable":true,"href":"https:\/\/linitiative.ca\/International\/wp-json\/wp\/v2\/users\/1969"}],"replies":[{"embeddable":true,"href":"https:\/\/linitiative.ca\/International\/wp-json\/wp\/v2\/comments?post=92380"}],"version-history":[{"count":0,"href":"https:\/\/linitiative.ca\/International\/wp-json\/wp\/v2\/posts\/92380\/revisions"}],"wp:featuredmedia":[{"embeddable":true,"href":"https:\/\/linitiative.ca\/International\/wp-json\/"}],"wp:attachment":[{"href":"https:\/\/linitiative.ca\/International\/wp-json\/wp\/v2\/media?parent=92380"}],"wp:term":[{"taxonomy":"category","embeddable":true,"href":"https:\/\/linitiative.ca\/International\/wp-json\/wp\/v2\/categories?post=92380"},{"taxonomy":"post_tag","embeddable":true,"href":"https:\/\/linitiative.ca\/International\/wp-json\/wp\/v2\/tags?post=92380"}],"curies":[{"name":"wp","href":"https:\/\/api.w.org\/{rel}","templated":true}]}}