{"id":92384,"date":"2020-07-13T23:27:54","date_gmt":"2020-07-14T03:27:54","guid":{"rendered":"https:\/\/linitiative.ca\/International\/adamou-haman-wabi-est-le-nouveau-directeur-du-credit-du-sahel\/"},"modified":"2020-07-13T23:27:54","modified_gmt":"2020-07-14T03:27:54","slug":"adamou-haman-wabi-est-le-nouveau-directeur-du-credit-du-sahel","status":"publish","type":"post","link":"https:\/\/linitiative.ca\/International\/adamou-haman-wabi-est-le-nouveau-directeur-du-credit-du-sahel\/","title":{"rendered":"Adamou Haman Wabi est le nouveau directeur du Cr\u00e9dit du Sahel"},"content":{"rendered":"<div class=\"featured-area featured-area-inner\"><img loading=\"lazy\" decoding=\"async\" width=\"293\" height=\"172\" src=\"https:\/\/ecomatin.net\/wp-content\/uploads\/2020\/07\/CREDIT-DU-SAHEL.jpg\" class=\"attachment-full size-full wp-post-image\" alt=\"\" data-attachment-id=\"17037\" data-permalink=\"https:\/\/ecomatin.net\/adamou-haman-wabi-est-le-nouveau-directeur-du-credit-du-sahel\/credit-du-sahel\/\" data-orig-file=\"https:\/\/ecomatin.net\/wp-content\/uploads\/2020\/07\/CREDIT-DU-SAHEL.jpg\" data-orig-size=\"293,172\" data-comments-opened=\"0\" data-image-meta=\"{&quot;aperture&quot;:&quot;0&quot;,&quot;credit&quot;:&quot;&quot;,&quot;camera&quot;:&quot;&quot;,&quot;caption&quot;:&quot;&quot;,&quot;created_timestamp&quot;:&quot;0&quot;,&quot;copyright&quot;:&quot;&quot;,&quot;focal_length&quot;:&quot;0&quot;,&quot;iso&quot;:&quot;0&quot;,&quot;shutter_speed&quot;:&quot;0&quot;,&quot;title&quot;:&quot;&quot;,&quot;orientation&quot;:&quot;0&quot;}\" data-image-title=\"CREDIT DU SAHEL\" data-image-description=\"\" data-medium-file=\"https:\/\/ecomatin.net\/wp-content\/uploads\/2020\/07\/CREDIT-DU-SAHEL.jpg\" data-large-file=\"https:\/\/ecomatin.net\/wp-content\/uploads\/2020\/07\/CREDIT-DU-SAHEL.jpg\"\/><\/div>\n<div class=\"entry-content entry clearfix\" readability=\"45.323675675676\">\n<p>Adamou Haman Wabi a \u00e9t\u00e9 install\u00e9 dans ses nouvelles fonctions de Directeur g\u00e9n\u00e9ral du Cr\u00e9dit du Sahel, le samedi 11 juillet 2020. La c\u00e9r\u00e9monie qui s\u2019est d\u00e9roul\u00e9e \u00e0 l\u2019esplanade de la direction g\u00e9n\u00e9rale de cette microfinance \u00e0 Maroua dans la r\u00e9gion de l\u2019Extr\u00eame-Nord \u00e9tait pr\u00e9sid\u00e9e par le Pr\u00e9sident de son conseil d\u2019administration, le g\u00e9n\u00e9ral de brigade Bouba Dobekr\u00e9o.<\/p>\n<p>\u00ab\u00a0Nous sommes convaincus que les d\u00e9fis sont nombreux et nous allons les relever avec les soutien des pouvoirs publics, l\u2019encadrement du conseil d\u2019administration, et l\u2019engagement et la d\u00e9termination du personnel. Je n\u2019oublie pas la confiance des partenaires et des clients\u00a0\u00bb, a indiqu\u00e9 le nouveau directeur g\u00e9n\u00e9ral.<\/p>\n<p>Le quinquag\u00e9naire qui a vu le jour le 4 novembre 1968 vient remplacer \u00e0 ce poste Daniel Kalbassou qui occupait ce poste depuis\u00a0\u00a023 ans. Le choix des actionnaires sur la personne de Haman Wabi n\u2019est pas anodin, ce dernier maitrise bien la structure dans laquelle il officie depuis 17 ans. Son entr\u00e9e au sein de cette microfinance s\u2019est fait en 2003 au poste de gestionnaire de compte \u00e0 l\u2019agence de Garoua. Par la suite il sera nomm\u00e9 chef d\u2019agence de sa repr\u00e9sentation \u00e0 Yagoua. Son parcours le conduira par la suite dans la ville de Yaound\u00e9 ou il occupera le poste\u00a0\u00a0de chef d\u2019agence de la repr\u00e9sentation de Warda. Depuis janvier 2020 et ce jusqu\u2019\u00e0 sa nomination le 20 juin dernier, occupait l\u2019int\u00e9rim de la direction g\u00e9n\u00e9rale. Il aura aussi occup\u00e9 la fonction de chef de d\u00e9partement du cr\u00e9dit et du marketing \u00e0 la direction g\u00e9n\u00e9rale.<\/p>\n<p>lire aussi : <a href=\"https:\/\/ecomatin.net\/daniel-kalbassou-au-centre-de-sahel-business-week\/\">Daniel Kalbassou au centre de \u00ab\u00a0Sahel Business Week\u00a0\u00bb<\/a><\/p>\n<p>S\u2019agissant du Cr\u00e9dit du Sahel S.A. c\u2019est un \u00e9tablissement de microfinance de 2<sup>\u00e8me<\/sup>\u00a0cat\u00e9gorie\u00a0au capital social de 2,5 milliards de FCFA. Elle a \u00e9t\u00e9 cr\u00e9\u00e9e en f\u00e9vrier 1997 par Daniel Kalbassou, avec pour objectif\u00a0\u00a0de contribuer \u00e0 la lutte contre la pauvret\u00e9 et \u00e0 l\u2019am\u00e9lioration des conditions de vie des populations vuln\u00e9rables gr\u00e2ce \u00e0 la financiarisation de leurs microprojets g\u00e9n\u00e9rateurs de revenus. Elle est pr\u00e9sente dans 6 r\u00e9gions du triangle nationale et propose des produits et services que sont le\u00a0\u00a0cr\u00e9dit\u00a0; l\u2019\u00e9pargne\u00a0; le financement de march\u00e9s\u00a0; l\u2019appui technique aux paysans\u00a0et le service financiers mobile. A cet effet, Elle a re\u00e7u en 2015,\u00a0\u00a0la distinction \u00ab\u00a0les cauris de l\u2019essentiel\u00a0\u00bb pour l\u2019ann\u00e9e 2014, d\u00e9cern\u00e9 par le collectif des journalistes d\u2019investigation du Cameroun distinction du Cameroun<\/p>\n<p><strong>lire aussi<\/strong> : <a href=\"https:\/\/ecomatin.net\/financement-21-milliards-de-fcfa-pour-les-rizieres-du-logone-et-chari\/\">Financement\u00a0; 21 milliards de F CFA pour les rizi\u00e8res du Logone et Chari<\/a><\/p>\n<p>Notons qu\u2019au cours de cette c\u00e9r\u00e9monie Wow\u00e9 Andr\u00e9 et Fatim\u00e9 Sa\u00efd ont aussi pris fonctions respectivement en tant que directeur g\u00e9n\u00e9ral adjoint et directeur des engagements et des risques.<\/p>\n<div class=\"awac-wrapper awac widget posts-list-widget-11\">\n<h4 class=\"widget-title\">Le plus r\u00e9cent<\/h4>\n<\/div>\n<\/div>\n<p>Auteur: Eco Matin<br \/>\n<a href=\"https:\/\/ecomatin.net\/adamou-haman-wabi-est-le-nouveau-directeur-du-credit-du-sahel\/\">Cliquez ici pour lire l&rsquo;article depuis sa source.<\/a><\/p>\n","protected":false},"excerpt":{"rendered":"<p>Adamou Haman Wabi a \u00e9t\u00e9 install\u00e9 dans ses nouvelles fonctions de Directeur g\u00e9n\u00e9ral du Cr\u00e9dit du Sahel, le samedi 11 juillet 2020. La c\u00e9r\u00e9monie qui s\u2019est d\u00e9roul\u00e9e \u00e0 l\u2019esplanade de la direction g\u00e9n\u00e9rale de cette microfinance \u00e0 Maroua dans la r\u00e9gion de l\u2019Extr\u00eame-Nord \u00e9tait pr\u00e9sid\u00e9e par le Pr\u00e9sident de son conseil d\u2019administration, le g\u00e9n\u00e9ral de [&hellip;]<\/p>\n","protected":false},"author":1969,"featured_media":92385,"comment_status":"closed","ping_status":"closed","sticky":false,"template":"","format":"standard","meta":{"fifu_image_url":"","fifu_image_alt":"","footnotes":""},"categories":[82,78],"tags":[],"class_list":["post-92384","post","type-post","status-publish","format-standard","has-post-thumbnail","hentry","category-cameroun","category-economie"],"_links":{"self":[{"href":"https:\/\/linitiative.ca\/International\/wp-json\/wp\/v2\/posts\/92384","targetHints":{"allow":["GET"]}}],"collection":[{"href":"https:\/\/linitiative.ca\/International\/wp-json\/wp\/v2\/posts"}],"about":[{"href":"https:\/\/linitiative.ca\/International\/wp-json\/wp\/v2\/types\/post"}],"author":[{"embeddable":true,"href":"https:\/\/linitiative.ca\/International\/wp-json\/wp\/v2\/users\/1969"}],"replies":[{"embeddable":true,"href":"https:\/\/linitiative.ca\/International\/wp-json\/wp\/v2\/comments?post=92384"}],"version-history":[{"count":0,"href":"https:\/\/linitiative.ca\/International\/wp-json\/wp\/v2\/posts\/92384\/revisions"}],"wp:featuredmedia":[{"embeddable":true,"href":"https:\/\/linitiative.ca\/International\/wp-json\/"}],"wp:attachment":[{"href":"https:\/\/linitiative.ca\/International\/wp-json\/wp\/v2\/media?parent=92384"}],"wp:term":[{"taxonomy":"category","embeddable":true,"href":"https:\/\/linitiative.ca\/International\/wp-json\/wp\/v2\/categories?post=92384"},{"taxonomy":"post_tag","embeddable":true,"href":"https:\/\/linitiative.ca\/International\/wp-json\/wp\/v2\/tags?post=92384"}],"curies":[{"name":"wp","href":"https:\/\/api.w.org\/{rel}","templated":true}]}}