{"id":92392,"date":"2020-07-15T10:52:22","date_gmt":"2020-07-15T14:52:22","guid":{"rendered":"https:\/\/linitiative.ca\/International\/bac-2020-un-taux-de-reussite-de-63\/"},"modified":"2020-07-15T10:52:22","modified_gmt":"2020-07-15T14:52:22","slug":"bac-2020-un-taux-de-reussite-de-63","status":"publish","type":"post","link":"https:\/\/linitiative.ca\/International\/bac-2020-un-taux-de-reussite-de-63\/","title":{"rendered":"Bac 2020 : un taux de r\u00e9ussite de 63%"},"content":{"rendered":"<header>\n<\/header>\n<div class=\"entry-content clearfix\" readability=\"64\"><img decoding=\"async\" class=\"post_layout_5_img\" src=\"https:\/\/aujourdhui.ma\/wp-content\/uploads\/2020\/07\/Bac-2020.jpg\" alt=\"Bac 2020 : un taux de r&#xE9;ussite de 63%\"\/><\/p>\n<p><span class=\"c5\"><strong>Cette ann\u00e9e, ils ont \u00e9t\u00e9 un peu moins nombreux \u00e0 d\u00e9crocher le Bac lors de la session ordinaire de juillet.<\/strong><\/span> <span id=\"more-350691\"\/><\/p>\n<p>Selon les statistiques du minist\u00e8re qui ont \u00e9t\u00e9 d\u00e9voil\u00e9s ce mercredi 15 juillet, 196 664 candidats ont \u00e9t\u00e9 admis .<\/p>\n<p>Le taux de r\u00e9ussite est de 63,08% % contre 65,55% % lors de la session normale de l\u2019ann\u00e9e pr\u00e9c\u00e9dente. Le minist\u00e8re pr\u00e9cise que 52,3% ont obtenu une mention soit 102.882 bacheliers. Sans grande surprise, les filles ont une fois de plus devanc\u00e9 les gar\u00e7ons.<\/p>\n<p>Le taux de r\u00e9ussite des candidates s\u2019est fix\u00e9 \u00e0 55,75%. La meilleure note au niveau national est 19,47.<\/p>\n<p>Elle a \u00e9t\u00e9 obtenue au niveau de l\u2019acad\u00e9mie r\u00e9gionale de Rabat, dans la branche Sciences physiques. Les \u00e9l\u00e8ves des fili\u00e8res scientifiques et techniques se sont l\u00e9g\u00e8rement d\u00e9marqu\u00e9 par rapport aux litt\u00e9raires avec un taux de r\u00e9ussite de 64,58% contre 61,33% .<\/p>\n<p>Pour les sections internationales, on notera un taux de r\u00e9ussite de 85,6% contre contre 54,2% pour les candidats du bac professionnel.<\/p>\n<\/div>\n<p>Auteur: ALM<br \/>\n<a href=\"https:\/\/aujourdhui.ma\/societe\/bac-2020-un-taux-de-reussite-de-63\">Cliquez ici pour lire l&rsquo;article depuis sa source.<\/a><\/p>\n","protected":false},"excerpt":{"rendered":"<p>Cette ann\u00e9e, ils ont \u00e9t\u00e9 un peu moins nombreux \u00e0 d\u00e9crocher le Bac lors de la session ordinaire de juillet. Selon les statistiques du minist\u00e8re qui ont \u00e9t\u00e9 d\u00e9voil\u00e9s ce mercredi 15 juillet, 196 664 candidats ont \u00e9t\u00e9 admis . Le taux de r\u00e9ussite est de 63,08% % contre 65,55% % lors de la session [&hellip;]<\/p>\n","protected":false},"author":1759,"featured_media":92393,"comment_status":"closed","ping_status":"closed","sticky":false,"template":"","format":"standard","meta":{"fifu_image_url":"","fifu_image_alt":"","footnotes":""},"categories":[73,54],"tags":[],"class_list":["post-92392","post","type-post","status-publish","format-standard","has-post-thumbnail","hentry","category-actualite","category-maroc"],"_links":{"self":[{"href":"https:\/\/linitiative.ca\/International\/wp-json\/wp\/v2\/posts\/92392","targetHints":{"allow":["GET"]}}],"collection":[{"href":"https:\/\/linitiative.ca\/International\/wp-json\/wp\/v2\/posts"}],"about":[{"href":"https:\/\/linitiative.ca\/International\/wp-json\/wp\/v2\/types\/post"}],"author":[{"embeddable":true,"href":"https:\/\/linitiative.ca\/International\/wp-json\/wp\/v2\/users\/1759"}],"replies":[{"embeddable":true,"href":"https:\/\/linitiative.ca\/International\/wp-json\/wp\/v2\/comments?post=92392"}],"version-history":[{"count":0,"href":"https:\/\/linitiative.ca\/International\/wp-json\/wp\/v2\/posts\/92392\/revisions"}],"wp:featuredmedia":[{"embeddable":true,"href":"https:\/\/linitiative.ca\/International\/wp-json\/"}],"wp:attachment":[{"href":"https:\/\/linitiative.ca\/International\/wp-json\/wp\/v2\/media?parent=92392"}],"wp:term":[{"taxonomy":"category","embeddable":true,"href":"https:\/\/linitiative.ca\/International\/wp-json\/wp\/v2\/categories?post=92392"},{"taxonomy":"post_tag","embeddable":true,"href":"https:\/\/linitiative.ca\/International\/wp-json\/wp\/v2\/tags?post=92392"}],"curies":[{"name":"wp","href":"https:\/\/api.w.org\/{rel}","templated":true}]}}