{"id":92394,"date":"2020-07-15T11:32:49","date_gmt":"2020-07-15T15:32:49","guid":{"rendered":"https:\/\/linitiative.ca\/International\/vols-speciaux-des-tarifs-fixes-pour-la-ram\/"},"modified":"2020-07-15T11:32:49","modified_gmt":"2020-07-15T15:32:49","slug":"vols-speciaux-des-tarifs-fixes-pour-la-ram","status":"publish","type":"post","link":"https:\/\/linitiative.ca\/International\/vols-speciaux-des-tarifs-fixes-pour-la-ram\/","title":{"rendered":"Vols sp\u00e9ciaux : Des tarifs fixes pour la RAM"},"content":{"rendered":"<header>\n<\/header>\n<div class=\"entry-content clearfix\" readability=\"50\"><img decoding=\"async\" class=\"post_layout_5_img\" src=\"https:\/\/aujourdhui.ma\/wp-content\/uploads\/2016\/02\/Royal-Air-Maroc-RAM.jpg\" alt=\"Vols sp&#xE9;ciaux : Des tarifs fixes pour la RAM\"\/><\/p>\n<p><span class=\"c5\"><strong>Royal Air Maroc (RAM) met fin aux fausses informations et attribue des tarifs fixes aux vols sp\u00e9ciaux lanc\u00e9s \u00e0 partir de ce mercredi.<\/strong><\/span><span id=\"more-350694\"\/><\/p>\n<p>\u00ab\u00a0Align\u00e9s sur le niveau moyen des prix pratiqu\u00e9s depuis le d\u00e9but du lancement de cette op\u00e9ration sp\u00e9ciale, ces tarifs ont \u00e9t\u00e9 bien \u00e9tudi\u00e9s afin de r\u00e9pondre \u00e0 la demande des clients. Ils sont inf\u00e9rieurs aux tarifs pratiqu\u00e9s en g\u00e9n\u00e9ral, durant l\u2019\u00e9t\u00e9, par la concurrence\u00a0\u00bb, indique la Compagnie dans une r\u00e9cente communication. RAM souligne \u00e0 cet effet que les tarifs des vols reliant le Maroc aux destinations de l\u2019Europe de l\u2019Ouest sont propos\u00e9s dans des fourchettes allant de 2200 dh ttc \u00e0 4000 dh ttc (aller simple en classe \u00e9conomique).<\/p>\n<p>Les vols sur l\u2019Afrique, sont pour leur part commercialis\u00e9s dans des fourchettes allant de 3500 dh ttc \u00e0 4500 dh ttc (aller simple en classe \u00e9conomique).<\/p>\n<p>Les vols reliant le Maroc et l\u2019Am\u00e9rique du nord sont propos\u00e9s aux tarifs fixes de 6500 DH ttc (aller simple en classe \u00e9conomique sur la liaison Casablanca- Montr\u00e9al) et 8000 DH ttc (aller simple en classe \u00e9conomique sur la liaison Casablanca- New York).<\/p>\n<p><a href=\"https:\/\/aujourdhui.ma\/wp-content\/uploads\/2020\/07\/Vols-spe\u0301ciaux-Des-tarifs-fixes-pour-la-RAM.jpg\"><img loading=\"lazy\" decoding=\"async\" class=\"size-full wp-image-350695 aligncenter\" src=\"https:\/\/aujourdhui.ma\/wp-content\/uploads\/2020\/07\/Vols-spe\u0301ciaux-Des-tarifs-fixes-pour-la-RAM.jpg\" alt=\"\" width=\"555\" height=\"695\" srcset=\"\/\/aujourdhui.ma\/wp-content\/uploads\/2020\/07\/Vols-spe&#x301;ciaux-Des-tarifs-fixes-pour-la-RAM.jpg 555w, \/\/aujourdhui.ma\/wp-content\/uploads\/2020\/07\/Vols-spe&#x301;ciaux-Des-tarifs-fixes-pour-la-RAM-240x300.jpg 240w\" sizes=\"auto, (max-width: 555px) 100vw, 555px\"\/><\/a><\/p>\n<\/div>\n<p>Auteur: ALM<br \/>\n<a href=\"https:\/\/aujourdhui.ma\/economie\/vols-speciaux-des-tarifs-fixes-pour-la-ram\">Cliquez ici pour lire l&rsquo;article depuis sa source.<\/a><\/p>\n","protected":false},"excerpt":{"rendered":"<p>Royal Air Maroc (RAM) met fin aux fausses informations et attribue des tarifs fixes aux vols sp\u00e9ciaux lanc\u00e9s \u00e0 partir de ce mercredi. \u00ab\u00a0Align\u00e9s sur le niveau moyen des prix pratiqu\u00e9s depuis le d\u00e9but du lancement de cette op\u00e9ration sp\u00e9ciale, ces tarifs ont \u00e9t\u00e9 bien \u00e9tudi\u00e9s afin de r\u00e9pondre \u00e0 la demande des clients. Ils [&hellip;]<\/p>\n","protected":false},"author":1759,"featured_media":92395,"comment_status":"closed","ping_status":"closed","sticky":false,"template":"","format":"standard","meta":{"fifu_image_url":"","fifu_image_alt":"","footnotes":""},"categories":[73,54],"tags":[],"class_list":["post-92394","post","type-post","status-publish","format-standard","has-post-thumbnail","hentry","category-actualite","category-maroc"],"_links":{"self":[{"href":"https:\/\/linitiative.ca\/International\/wp-json\/wp\/v2\/posts\/92394","targetHints":{"allow":["GET"]}}],"collection":[{"href":"https:\/\/linitiative.ca\/International\/wp-json\/wp\/v2\/posts"}],"about":[{"href":"https:\/\/linitiative.ca\/International\/wp-json\/wp\/v2\/types\/post"}],"author":[{"embeddable":true,"href":"https:\/\/linitiative.ca\/International\/wp-json\/wp\/v2\/users\/1759"}],"replies":[{"embeddable":true,"href":"https:\/\/linitiative.ca\/International\/wp-json\/wp\/v2\/comments?post=92394"}],"version-history":[{"count":0,"href":"https:\/\/linitiative.ca\/International\/wp-json\/wp\/v2\/posts\/92394\/revisions"}],"wp:featuredmedia":[{"embeddable":true,"href":"https:\/\/linitiative.ca\/International\/wp-json\/"}],"wp:attachment":[{"href":"https:\/\/linitiative.ca\/International\/wp-json\/wp\/v2\/media?parent=92394"}],"wp:term":[{"taxonomy":"category","embeddable":true,"href":"https:\/\/linitiative.ca\/International\/wp-json\/wp\/v2\/categories?post=92394"},{"taxonomy":"post_tag","embeddable":true,"href":"https:\/\/linitiative.ca\/International\/wp-json\/wp\/v2\/tags?post=92394"}],"curies":[{"name":"wp","href":"https:\/\/api.w.org\/{rel}","templated":true}]}}