{"id":92399,"date":"2020-07-15T10:40:24","date_gmt":"2020-07-15T14:40:24","guid":{"rendered":"https:\/\/linitiative.ca\/International\/pour-un-soutien-gouvernemental-juste-et-equitable-a-la-presse\/"},"modified":"2020-07-15T10:40:24","modified_gmt":"2020-07-15T14:40:24","slug":"pour-un-soutien-gouvernemental-juste-et-equitable-a-la-presse","status":"publish","type":"post","link":"https:\/\/linitiative.ca\/International\/pour-un-soutien-gouvernemental-juste-et-equitable-a-la-presse\/","title":{"rendered":"Pour un soutien gouvernemental juste et \u00e9quitable \u00e0 la presse"},"content":{"rendered":"<p class=\"has-text-color has-vivid-red-color c2\"><strong>El Ferdaous re\u00e7oit une d\u00e9l\u00e9gation de la FMEJ<\/strong><\/p>\n<p class=\"has-text-color has-background has-pale-cyan-blue-background-color c3\"><strong>Le Ministre de la Jeunesse, des Sports et de la Culture en charge du secteur de la communication, M. Othman El Ferdaous, a re\u00e7u, mardi, une d\u00e9l\u00e9gation du bureau ex\u00e9cutif de la F\u00e9d\u00e9ration marocaine des \u00e9diteurs de journaux (FMEJ), apr\u00e8s la tenue de son assembl\u00e9e g\u00e9n\u00e9rale et le renouvellement de ses structures.<\/strong><\/p>\n<p>Le ministre a f\u00e9licit\u00e9 les repr\u00e9sentants de la F\u00e9d\u00e9ration pour le succ\u00e8s de son Assembl\u00e9e g\u00e9n\u00e9rale, estimant que\u00a0 le partenariat existe et se poursuit entre le secteur de la\u00a0 communication et le F\u00e9d\u00e9ration en tant qu\u2019\u00e9l\u00e9ment fondamental parmi les composantes repr\u00e9sentatives dans le domaine des m\u00e9dias nationaux.<\/p>\n<p>Cette r\u00e9union, \u00e0 laquelle a assist\u00e9 le secr\u00e9taire g\u00e9n\u00e9ral du Minist\u00e8re de tutelle, Mustafa Attimi, a abord\u00e9 les nouveaux d\u00e9veloppements que la sc\u00e8ne m\u00e9diatique a connus, notamment les impacts n\u00e9gatifs de la pand\u00e9mie de Corona sur la presse marocaine, et les mesures prises par le gouvernement pour att\u00e9nuer les effets de cette crise.<\/p>\n<p>A cet \u00e9gard, le ministre a affirm\u00e9 que le soutien annuel r\u00e9gulier \u00e0 la presse \u00e9tait compens\u00e9 par un soutien exceptionnel visant \u00e0 prot\u00e9ger le r\u00f4le soci\u00e9tal que la presse joue \u00e0 travers l\u2019int\u00e9r\u00eat accord\u00e9 aux ressources humaines et aux conditions des entreprises de presse.<\/p>\n<p>La d\u00e9l\u00e9gation de la FMEJ, qui \u00e9tait pr\u00e9sid\u00e9e par Noureddine Miftah et compos\u00e9e du vice-pr\u00e9sident Mahtat Rakas, du rapporteur g\u00e9n\u00e9ral Abdelhakim Badi\u00ee, de la secr\u00e9taire g\u00e9n\u00e9rale Maria Moukrim et du membre du Conseil de la pr\u00e9sidence Abdallah Amrani, a exprim\u00e9 sa gratitude pour l\u2019attribution par le gouvernement d\u2019une enveloppe financi\u00e8re de 205 millions de dirhams, et ce dans une conjoncture particuli\u00e8re marqu\u00e9e par des pertes de plus de 240 millions de dirhams par la presse marocaine en raison de la pand\u00e9mie.<\/p>\n<p>La d\u00e9l\u00e9gation de la FMEJ a exprim\u00e9 son adh\u00e9sion \u00e0 la vision globale de ce soutien, tout en formulant des observations substantielles et pr\u00e9cises sur les m\u00e9canismes devant pr\u00e9valoir lors de son ex\u00e9cution. L\u2019objectif \u00e9tant de r\u00e9partir cette enveloppe de mani\u00e8re \u00e9quitable et r\u00e9aliste, aussi bien au niveau de l\u2019ex\u00e9cution et la budg\u00e9tisation, en tenant compte de l\u2019\u00e9quilibre entre les grands groupes de presse et les entreprises structur\u00e9es, d\u2019une part, et entre les supports papier et celle \u00e9lectronique, d\u2019autre part, tout en tenant compte du n\u00e9cessaire \u00e9quilibre entre les grandes, les moyennes et les petites entreprises, ainsi qu\u2019entre\u00a0 les journaux nationaux et r\u00e9gionaux.<\/p>\n<p>La d\u00e9l\u00e9gation de la FMEJ a \u00e9galement insist\u00e9 sur la n\u00e9cessit\u00e9 que le soutien \u00e0 l\u2019impression et \u00e0 la distribution se refl\u00e8te\u00a0 r\u00e9ellement sur la situation de la presse marocaine et que l\u2019accompagnement durant cette \u00e9tape se fasse dans un cadre de concertation associant l\u2019Administration et l\u2019ensemble des partenaires.<\/p>\n<p>Cette rencontre fructueuse s\u2019est conclue par l\u2019accord de lancer les chantiers d\u2019un traitement structurel de la crise de la presse marocaine, et ce imm\u00e9diatement apr\u00e8s la prochaine rentr\u00e9e, et dans le m\u00eame esprit constructif avec lequel nous avons travaill\u00e9 pendant deux d\u00e9cennies pour une presse pluraliste, ind\u00e9pendante, professionnelle, proactive pour la d\u00e9mocratie.<\/p>\n<p>Auteur: M&rsquo;hammed rahal<br \/>\n<a href=\"http:\/\/albayane.press.ma\/pour-un-soutien-gouvernemental-juste-et-equitable-a-la-presse.html\">Cliquez ici pour lire l&rsquo;article depuis sa source.<\/a><\/p>\n","protected":false},"excerpt":{"rendered":"<p>El Ferdaous re\u00e7oit une d\u00e9l\u00e9gation de la FMEJ Le Ministre de la Jeunesse, des Sports et de la Culture en charge du secteur de la communication, M. Othman El Ferdaous, a re\u00e7u, mardi, une d\u00e9l\u00e9gation du bureau ex\u00e9cutif de la F\u00e9d\u00e9ration marocaine des \u00e9diteurs de journaux (FMEJ), apr\u00e8s la tenue de son assembl\u00e9e g\u00e9n\u00e9rale et [&hellip;]<\/p>\n","protected":false},"author":1760,"featured_media":0,"comment_status":"closed","ping_status":"closed","sticky":false,"template":"","format":"standard","meta":{"fifu_image_url":"","fifu_image_alt":"","footnotes":""},"categories":[73,54],"tags":[],"class_list":["post-92399","post","type-post","status-publish","format-standard","hentry","category-actualite","category-maroc"],"_links":{"self":[{"href":"https:\/\/linitiative.ca\/International\/wp-json\/wp\/v2\/posts\/92399","targetHints":{"allow":["GET"]}}],"collection":[{"href":"https:\/\/linitiative.ca\/International\/wp-json\/wp\/v2\/posts"}],"about":[{"href":"https:\/\/linitiative.ca\/International\/wp-json\/wp\/v2\/types\/post"}],"author":[{"embeddable":true,"href":"https:\/\/linitiative.ca\/International\/wp-json\/wp\/v2\/users\/1760"}],"replies":[{"embeddable":true,"href":"https:\/\/linitiative.ca\/International\/wp-json\/wp\/v2\/comments?post=92399"}],"version-history":[{"count":0,"href":"https:\/\/linitiative.ca\/International\/wp-json\/wp\/v2\/posts\/92399\/revisions"}],"wp:attachment":[{"href":"https:\/\/linitiative.ca\/International\/wp-json\/wp\/v2\/media?parent=92399"}],"wp:term":[{"taxonomy":"category","embeddable":true,"href":"https:\/\/linitiative.ca\/International\/wp-json\/wp\/v2\/categories?post=92399"},{"taxonomy":"post_tag","embeddable":true,"href":"https:\/\/linitiative.ca\/International\/wp-json\/wp\/v2\/tags?post=92399"}],"curies":[{"name":"wp","href":"https:\/\/api.w.org\/{rel}","templated":true}]}}