{"id":92400,"date":"2020-07-15T10:49:44","date_gmt":"2020-07-15T14:49:44","guid":{"rendered":"https:\/\/linitiative.ca\/International\/report-des-ceremonies-prevues-a-loccasion-de-la-fete-du-trone\/"},"modified":"2020-07-15T10:49:44","modified_gmt":"2020-07-15T14:49:44","slug":"report-des-ceremonies-prevues-a-loccasion-de-la-fete-du-trone","status":"publish","type":"post","link":"https:\/\/linitiative.ca\/International\/report-des-ceremonies-prevues-a-loccasion-de-la-fete-du-trone\/","title":{"rendered":"Report des c\u00e9r\u00e9monies pr\u00e9vues \u00e0 l\u2019occasion de la f\u00eate du Tr\u00f4ne"},"content":{"rendered":"<p class=\"has-text-color has-vivid-red-color c2\"><strong>Minist\u00e8re de la Maison Royale, du Protocole et de la Chancellerie<\/strong><\/p>\n<p class=\"has-text-color c3\"><strong>\u00abLe Minist\u00e8re de la Maison Royale, du Protocole et de la Chancellerie annonce que, prenant en consid\u00e9ration les mesures pr\u00e9ventives prises dans le cadre de l\u2019\u00e9tat d\u2019urgence sanitaire, d\u00e9clar\u00e9 pour lutter contre la propagation du virus Covid-19, il a \u00e9t\u00e9 d\u00e9cid\u00e9 de reporter toutes les activit\u00e9s, festivit\u00e9s et c\u00e9r\u00e9monies pr\u00e9vues \u00e0 l\u2019occasion de la c\u00e9l\u00e9bration du 21\u00e8 anniversaire de l\u2019accession de Sa Majest\u00e9 le Roi Mohammed VI, que Dieu L\u2019assiste, au Tr\u00f4ne de Ses Glorieux anc\u00eatres.<\/strong><\/p>\n<p>Dans ce cadre, il a \u00e9t\u00e9 d\u00e9cid\u00e9 de reporter la c\u00e9r\u00e9monie de r\u00e9ception que pr\u00e9side SM le Roi \u00e0 cette glorieuse occasion, la c\u00e9r\u00e9monie de prestation de serment des officiers laur\u00e9ats des diff\u00e9rents \u00e9coles et instituts militaires, paramilitaires et civiles, la c\u00e9r\u00e9monie d\u2019all\u00e9geance \u00e0 Amir Al-Mouminine, que Dieu Le pr\u00e9serve, la Retraite aux flambeaux organis\u00e9e par la Garde Royale, ainsi que tous les d\u00e9fil\u00e9s et manifestations auxquels assistent un grande nombre de citoyens.<\/p>\n<p>En cette glorieuse occasion, Sa Majest\u00e9 le Roi, que Dieu le Pr\u00e9serve, adressera un discours \u00e0 Son peuple fid\u00e8le, qui sera diffus\u00e9 sur les ondes de la radio et \u00e0 la t\u00e9l\u00e9vision le 29 juillet \u00e0 21h. Sa Majest\u00e9 pr\u00e9sidera \u00e9galement, \u00e0 titre symbolique, une r\u00e9ception le 30 juillet 2020.<\/p>\n<p>Puisse Dieu pr\u00e9server Sa Majest\u00e9 le Roi, Lui accorder longue vie et Le garder pour le bien de Son peuple fid\u00e8le. Puisse-t-Il combler le Souverain en la personne de Son Altesse Royale le Prince H\u00e9ritier Moulay El Hassan, de Son Altesse Royale le Prince Moulay Rachid et de tous les membres de l\u2019Illustre Famille Royale. Dieu l\u2019audient, exauce les v\u0153ux de ceux qui l\u2019implorent\u00bb.<\/p>\n<p>Auteur: M&rsquo;hammed rahal<br \/>\n<a href=\"http:\/\/albayane.press.ma\/report-des-ceremonies-prevues-a-loccasion-de-la-fete-du-trone.html\">Cliquez ici pour lire l&rsquo;article depuis sa source.<\/a><\/p>\n","protected":false},"excerpt":{"rendered":"<p>Minist\u00e8re de la Maison Royale, du Protocole et de la Chancellerie \u00abLe Minist\u00e8re de la Maison Royale, du Protocole et de la Chancellerie annonce que, prenant en consid\u00e9ration les mesures pr\u00e9ventives prises dans le cadre de l\u2019\u00e9tat d\u2019urgence sanitaire, d\u00e9clar\u00e9 pour lutter contre la propagation du virus Covid-19, il a \u00e9t\u00e9 d\u00e9cid\u00e9 de reporter toutes [&hellip;]<\/p>\n","protected":false},"author":1760,"featured_media":0,"comment_status":"closed","ping_status":"closed","sticky":false,"template":"","format":"standard","meta":{"fifu_image_url":"","fifu_image_alt":"","footnotes":""},"categories":[73,54],"tags":[],"class_list":["post-92400","post","type-post","status-publish","format-standard","hentry","category-actualite","category-maroc"],"_links":{"self":[{"href":"https:\/\/linitiative.ca\/International\/wp-json\/wp\/v2\/posts\/92400","targetHints":{"allow":["GET"]}}],"collection":[{"href":"https:\/\/linitiative.ca\/International\/wp-json\/wp\/v2\/posts"}],"about":[{"href":"https:\/\/linitiative.ca\/International\/wp-json\/wp\/v2\/types\/post"}],"author":[{"embeddable":true,"href":"https:\/\/linitiative.ca\/International\/wp-json\/wp\/v2\/users\/1760"}],"replies":[{"embeddable":true,"href":"https:\/\/linitiative.ca\/International\/wp-json\/wp\/v2\/comments?post=92400"}],"version-history":[{"count":0,"href":"https:\/\/linitiative.ca\/International\/wp-json\/wp\/v2\/posts\/92400\/revisions"}],"wp:attachment":[{"href":"https:\/\/linitiative.ca\/International\/wp-json\/wp\/v2\/media?parent=92400"}],"wp:term":[{"taxonomy":"category","embeddable":true,"href":"https:\/\/linitiative.ca\/International\/wp-json\/wp\/v2\/categories?post=92400"},{"taxonomy":"post_tag","embeddable":true,"href":"https:\/\/linitiative.ca\/International\/wp-json\/wp\/v2\/tags?post=92400"}],"curies":[{"name":"wp","href":"https:\/\/api.w.org\/{rel}","templated":true}]}}