{"id":92401,"date":"2020-07-15T03:40:10","date_gmt":"2020-07-15T07:40:10","guid":{"rendered":"https:\/\/linitiative.ca\/International\/constat-alarmant-apres-la-crise-taux-de-croissance-negatif-de-65-prevu-en-2020\/"},"modified":"2020-07-15T03:40:10","modified_gmt":"2020-07-15T07:40:10","slug":"constat-alarmant-apres-la-crise-taux-de-croissance-negatif-de-65-prevu-en-2020","status":"publish","type":"post","link":"https:\/\/linitiative.ca\/International\/constat-alarmant-apres-la-crise-taux-de-croissance-negatif-de-65-prevu-en-2020\/","title":{"rendered":"Constat alarmant apr\u00e8s la crise : Taux de croissance n\u00e9gatif de -6,5% pr\u00e9vu en 2020"},"content":{"rendered":"<p>La Tunisie enregistrera un taux de croissance n\u00e9gatif de -6,5% en 2020, a annonc\u00e9 le ministre, du D\u00e9veloppement, de l\u2019investissement et de la coop\u00e9ration internationale, Slim Azzabi<\/p>\n<p>Le ministre a pr\u00e9cis\u00e9, lors d\u2019une conf\u00e9rence de presse tenue lundi conjointement avec la ministre aupr\u00e8s du Chef du Gouvernement charg\u00e9e de grands projets, Loubna J\u00e9ribi et le ministre des Finances Nizar Ya\u00efch que la reprise de la croissance \u00e9conomique au cours du 2eme semestre sera lente.<\/p>\n<p>Et d\u2019ajouter que l\u2019ann\u00e9e 2020 sera la deuxi\u00e8me ann\u00e9e apr\u00e8s l\u2019ann\u00e9e 2011, durant laquelle la Tunisie avait enregistr\u00e9 un taux de croissance n\u00e9gatif, rappelant que c\u2019est la 5\u00e8me ann\u00e9e, depuis l\u2019ind\u00e9pendance, au cours de laquelle la Tunisie enregistre une r\u00e9cession du taux de croissance.<\/p>\n<p>Azzabi a pr\u00e9cis\u00e9 que la r\u00e9alisation de ce taux de croissance est expliqu\u00e9e par le recul de la croissance dans la plupart des secteurs \u00e9conomiques, notamment le textile\/habillement, les industries m\u00e9caniques, le transport et le tourisme.<\/p>\n<p>Et d\u2019ajouter que les pr\u00e9visions tablent sur une r\u00e9gression de la croissance des industries manufacturi\u00e8res (-14,8%), des industries non manufacturi\u00e8res (-3,3%), et des services marchandes (-10% ), contre une hausse de la croissance des industries non marchandes ( 0,5%), au terme de l\u2019ann\u00e9e 2020.<\/p>\n<p>Il a soulign\u00e9 que la baisse du taux de croissance va engendrer un recul de la consommation, \u00e0 cause de la diminution des revenus des familles, ainsi qu\u2019une baisse du volume de l\u2019investissement priv\u00e9 suite \u00e0 l\u2019impact du confinement sanitaire d\u00e9cid\u00e9 pour limiter la propagation du virus du COVID-19. Cette situation est caus\u00e9e par un arr\u00eat de la production et le recul des \u00e9changes commerciaux, outre la baisse des recettes touristiques, la d\u00e9c\u00e9l\u00e9ration du taux d\u2019inflation \u00e0 6%, en raison de la baisse de la demande et des cours mondiaux des hydrocarbures.<\/p>\n<p>Selon le ministre, les r\u00e9percussions \u00e9conomiques et sociales de la pand\u00e9mie sont expliqu\u00e9es par 4 principaux facteurs, li\u00e9s \u00e0 la baisse de l\u2019activit\u00e9 \u00e9conomique pendant la p\u00e9riode du confinement, la baisse de la consommation et de la demande ext\u00e9rieure, notamment dans les pays europ\u00e9ens, et la pression exerc\u00e9e sur le budget de l\u2019Etat, \u00e0 cause de la baisse des ressources fiscales et la hausse des d\u00e9penses publiques notamment li\u00e9es aux mesures exceptionnelles prises par le gouvernement ( aides sociales et financi\u00e8res,,,)<\/p>\n<p>Azzabi a mis l\u2019accent sur le r\u00f4le important du secteur agricole au cours de la p\u00e9riode de gestion de la crise, rappelant que le secteur a enregistr\u00e9 un taux de croissance de 5,2% avec une hausse des exportations de 6,6% au cours des trois premiers mois de 2020.<\/p>\n<div class=\"wp-post-author-wrap wp-post-author-shortcode left\">\n<h3 class=\"awpa-title\"\/>\n<div class=\"wp-post-author\">\n<div class=\"awpa-img awpa-author-block square\"><a href=\"http:\/\/lexpertjournal.net\/fr\/?author=5\"><img loading=\"lazy\" decoding=\"async\" alt=\"\" src=\"http:\/\/0.gravatar.com\/avatar\/97f8e10a1c1125ba104a76514ee07b16?s=150&amp;d=mm&amp;r=g\" srcset=\"http:\/\/0.gravatar.com\/avatar\/97f8e10a1c1125ba104a76514ee07b16?s=300&amp;d=mm&amp;r=g 2x\" class=\"avatar avatar-150 photo\" height=\"150\" width=\"150\"\/><\/a><\/div>\n<\/div>\n<\/div>\n<aside class=\"mashsb-container mashsb-main mashsb-stretched\">\n<\/aside>\n<p>Auteur: L&rsquo;expert<br \/>\n<a href=\"http:\/\/lexpertjournal.net\/fr\/?p=15746\">Cliquez ici pour lire l&rsquo;article depuis sa source.<\/a><\/p>\n","protected":false},"excerpt":{"rendered":"<p>La Tunisie enregistrera un taux de croissance n\u00e9gatif de -6,5% en 2020, a annonc\u00e9 le ministre, du D\u00e9veloppement, de l\u2019investissement et de la coop\u00e9ration internationale, Slim Azzabi Le ministre a pr\u00e9cis\u00e9, lors d\u2019une conf\u00e9rence de presse tenue lundi conjointement avec la ministre aupr\u00e8s du Chef du Gouvernement charg\u00e9e de grands projets, Loubna J\u00e9ribi et le [&hellip;]<\/p>\n","protected":false},"author":1775,"featured_media":0,"comment_status":"closed","ping_status":"closed","sticky":false,"template":"","format":"standard","meta":{"fifu_image_url":"","fifu_image_alt":"","footnotes":""},"categories":[78,55],"tags":[],"class_list":["post-92401","post","type-post","status-publish","format-standard","hentry","category-economie","category-tunisie"],"_links":{"self":[{"href":"https:\/\/linitiative.ca\/International\/wp-json\/wp\/v2\/posts\/92401","targetHints":{"allow":["GET"]}}],"collection":[{"href":"https:\/\/linitiative.ca\/International\/wp-json\/wp\/v2\/posts"}],"about":[{"href":"https:\/\/linitiative.ca\/International\/wp-json\/wp\/v2\/types\/post"}],"author":[{"embeddable":true,"href":"https:\/\/linitiative.ca\/International\/wp-json\/wp\/v2\/users\/1775"}],"replies":[{"embeddable":true,"href":"https:\/\/linitiative.ca\/International\/wp-json\/wp\/v2\/comments?post=92401"}],"version-history":[{"count":0,"href":"https:\/\/linitiative.ca\/International\/wp-json\/wp\/v2\/posts\/92401\/revisions"}],"wp:attachment":[{"href":"https:\/\/linitiative.ca\/International\/wp-json\/wp\/v2\/media?parent=92401"}],"wp:term":[{"taxonomy":"category","embeddable":true,"href":"https:\/\/linitiative.ca\/International\/wp-json\/wp\/v2\/categories?post=92401"},{"taxonomy":"post_tag","embeddable":true,"href":"https:\/\/linitiative.ca\/International\/wp-json\/wp\/v2\/tags?post=92401"}],"curies":[{"name":"wp","href":"https:\/\/api.w.org\/{rel}","templated":true}]}}