{"id":92402,"date":"2020-07-15T03:43:12","date_gmt":"2020-07-15T07:43:12","guid":{"rendered":"https:\/\/linitiative.ca\/International\/sauvetage-economique-et-social-50-nouvelles-mesures-fiscales-et-financieres-lancees-prochainement\/"},"modified":"2020-07-15T03:43:12","modified_gmt":"2020-07-15T07:43:12","slug":"sauvetage-economique-et-social-50-nouvelles-mesures-fiscales-et-financieres-lancees-prochainement","status":"publish","type":"post","link":"https:\/\/linitiative.ca\/International\/sauvetage-economique-et-social-50-nouvelles-mesures-fiscales-et-financieres-lancees-prochainement\/","title":{"rendered":"Sauvetage \u00e9conomique et social : 50 nouvelles mesures fiscales et financi\u00e8res lanc\u00e9es prochainement"},"content":{"rendered":"<p>Le ministre des Finances, Nizar Ya\u00efche, a annonc\u00e9, lundi, que le gouvernement avait approuv\u00e9 50 mesures fiscales et financi\u00e8res, dans le cadre du plan de sauvetage \u00e9conomique et social, lequel sera mis en place dans les prochains jours.<\/p>\n<p>S\u2019exprimant, lundi, lors d\u2019une conf\u00e9rence de presse, tenue \u00e0 la Kasbah, conjointement avec le ministre du D\u00e9veloppement, de l\u2019Investissement et de la Coop\u00e9ration internationale, ainsi que la ministre aupr\u00e8s du chef de l\u2019Etat charg\u00e9e des grands projets, Ya\u00efche a pr\u00e9cis\u00e9 que ces mesures englobent 8 principaux axes, \u00e0 savoir l\u2019impulsion de l\u2019investissement, le soutien des start-up, l\u2019appui social et la lutte contre la pauvret\u00e9, la modernisation de l\u2019administration fiscale, l\u2019int\u00e9gration \u00e9conomique, la lutte contre l\u2019\u00e9vasion fiscale\u2026<\/p>\n<p>Il a fait savoir, qu\u2019une autre conf\u00e9rence de presse sera organis\u00e9e, dans les prochains jours, pour donner plus d\u2019\u00e9clairages sur l\u2019ensemble de ces mesures, r\u00e9it\u00e9rant l\u2019imp\u00e9ratif de s\u2019engager \u00e0 continuer \u00e0 aider les familles n\u00e9cessiteuses, et d\u2019oeuvrer \u00e0 \u00e9viter l\u2019augmentation de la pression fiscale et la r\u00e9duction du budget allou\u00e9 au d\u00e9veloppement.<\/p>\n<p>D\u2019apr\u00e8s Ya\u00efche, d\u2019autres priorit\u00e9s doivent, aussi, \u00eatre prises en consid\u00e9ration, durant cette conjoncture, dont le fait d\u2019\u00e9viter le recours \u00e0 l\u2019endettement ext\u00e9rieur.<\/p>\n<p>Le ministre des Finances a r\u00e9v\u00e9l\u00e9, \u00e9galement, que son d\u00e9partement se penche actuellement sur le conception de nouvelles mesures financi\u00e8res, \u00e0 m\u00eame de drainer des recettes financi\u00e8res au budget de l\u2019Etat de l\u2019ordre de 1,1 milliard de dinars.<\/p>\n<p>Par ailleurs, il a fait savoir que la derni\u00e8re mise \u00e0 jour de l\u2019hypoth\u00e8se du prix du baril de p\u00e9trole avait \u00e9t\u00e9 fix\u00e9e sur la base de 45 dollars, contre 65 dollars dans la loi de finances initiale pour l\u2019ann\u00e9e 2020.<\/p>\n<p>En outre, il a estim\u00e9 que le d\u00e9ficit budg\u00e9taire devrait se situer au niveau de 7% du PIB, d\u2019ici la fin de 2020, et que les recettes fiscales r\u00e9gresseraient \u00e0 4,5 milliards de dinars.<\/p>\n<p>Pour ce qui est du taux d\u2019endettement, il devrait atteindre, selon Ya\u00efche, les 88%, avec un taux d\u2019endettement ext\u00e9rieur ne d\u00e9passant pas le niveau de 61%.<\/p>\n<p>Le ministre a affirm\u00e9, aussi, que la Tunisie veillera \u00e0 honorer tous ses engagements, aux d\u00e9lais, et qu\u2019elle n\u2019optera pas \u00e0 la r\u00e9duction des salaires des employ\u00e9s.<\/p>\n<div class=\"wp-post-author-wrap wp-post-author-shortcode left\">\n<h3 class=\"awpa-title\"\/>\n<div class=\"wp-post-author\">\n<div class=\"awpa-img awpa-author-block square\"><a href=\"http:\/\/lexpertjournal.net\/fr\/?author=5\"><img loading=\"lazy\" decoding=\"async\" alt=\"\" src=\"http:\/\/0.gravatar.com\/avatar\/97f8e10a1c1125ba104a76514ee07b16?s=150&amp;d=mm&amp;r=g\" srcset=\"http:\/\/0.gravatar.com\/avatar\/97f8e10a1c1125ba104a76514ee07b16?s=300&amp;d=mm&amp;r=g 2x\" class=\"avatar avatar-150 photo\" height=\"150\" width=\"150\"\/><\/a><\/div>\n<\/div>\n<\/div>\n<aside class=\"mashsb-container mashsb-main mashsb-stretched\">\n<\/aside>\n<p>Auteur: L&rsquo;expert<br \/>\n<a href=\"http:\/\/lexpertjournal.net\/fr\/?p=15752\">Cliquez ici pour lire l&rsquo;article depuis sa source.<\/a><\/p>\n","protected":false},"excerpt":{"rendered":"<p>Le ministre des Finances, Nizar Ya\u00efche, a annonc\u00e9, lundi, que le gouvernement avait approuv\u00e9 50 mesures fiscales et financi\u00e8res, dans le cadre du plan de sauvetage \u00e9conomique et social, lequel sera mis en place dans les prochains jours. S\u2019exprimant, lundi, lors d\u2019une conf\u00e9rence de presse, tenue \u00e0 la Kasbah, conjointement avec le ministre du D\u00e9veloppement, [&hellip;]<\/p>\n","protected":false},"author":1775,"featured_media":0,"comment_status":"closed","ping_status":"closed","sticky":false,"template":"","format":"standard","meta":{"fifu_image_url":"","fifu_image_alt":"","footnotes":""},"categories":[78,55],"tags":[],"class_list":["post-92402","post","type-post","status-publish","format-standard","hentry","category-economie","category-tunisie"],"_links":{"self":[{"href":"https:\/\/linitiative.ca\/International\/wp-json\/wp\/v2\/posts\/92402","targetHints":{"allow":["GET"]}}],"collection":[{"href":"https:\/\/linitiative.ca\/International\/wp-json\/wp\/v2\/posts"}],"about":[{"href":"https:\/\/linitiative.ca\/International\/wp-json\/wp\/v2\/types\/post"}],"author":[{"embeddable":true,"href":"https:\/\/linitiative.ca\/International\/wp-json\/wp\/v2\/users\/1775"}],"replies":[{"embeddable":true,"href":"https:\/\/linitiative.ca\/International\/wp-json\/wp\/v2\/comments?post=92402"}],"version-history":[{"count":0,"href":"https:\/\/linitiative.ca\/International\/wp-json\/wp\/v2\/posts\/92402\/revisions"}],"wp:attachment":[{"href":"https:\/\/linitiative.ca\/International\/wp-json\/wp\/v2\/media?parent=92402"}],"wp:term":[{"taxonomy":"category","embeddable":true,"href":"https:\/\/linitiative.ca\/International\/wp-json\/wp\/v2\/categories?post=92402"},{"taxonomy":"post_tag","embeddable":true,"href":"https:\/\/linitiative.ca\/International\/wp-json\/wp\/v2\/tags?post=92402"}],"curies":[{"name":"wp","href":"https:\/\/api.w.org\/{rel}","templated":true}]}}