{"id":92403,"date":"2020-07-15T03:44:34","date_gmt":"2020-07-15T07:44:34","guid":{"rendered":"https:\/\/linitiative.ca\/International\/face-a-une-offre-attendue-en-hausse-nouveau-recul-des-cours-du-petrole\/"},"modified":"2020-07-15T03:44:34","modified_gmt":"2020-07-15T07:44:34","slug":"face-a-une-offre-attendue-en-hausse-nouveau-recul-des-cours-du-petrole","status":"publish","type":"post","link":"https:\/\/linitiative.ca\/International\/face-a-une-offre-attendue-en-hausse-nouveau-recul-des-cours-du-petrole\/","title":{"rendered":"Face \u00e0 une offre attendue en hausse : Nouveau recul des cours du p\u00e9trole"},"content":{"rendered":"<p>Les prix du p\u00e9trole ont baiss\u00e9, lundi, face \u00e0 la perspective d\u2019une hausse de la production des membres de l\u2019Opep+ au mois d\u2019ao\u00fbt et l\u2019avanc\u00e9e de la pand\u00e9mie de Covid-19, notamment aux Etats-Unis, selon le site Prix du baril.com. Le baril de Brent de la mer du Nord pour livraison en septembre a fini \u00e0 42,72 dollars \u00e0 Londres, en baisse de 1,2% ou 52 % par rapport \u00e0 la cl\u00f4ture de vendredi.<\/p>\n<p>Le prix du baril de brut texan a \u00e9galement baiss\u00e9, de 1,1% pour s\u2019\u00e9tablir \u00e0 40,10 dollars. Le p\u00e9trole commence la semaine dans le rouge car l\u2019offre des membres de l\u2019Opep+ devrait augmenter \u00e0 partir du mois d\u2019ao\u00fbt, tandis que le nombre de cas de Covid-19 aux Etats-Unis et dans d\u2019autres pays, interroge sur le rythme de la reprise de la demande mondiale \u00bb, selon les estimations du site. Les 13 membres de l\u2019Organisation des pays exportateurs de p\u00e9trole (Opep) et leurs 10 partenaires, rassembl\u00e9s sous le terme Opep+, se retrouvent en milieu de semaine par webcams interpos\u00e9es pour \u00e9valuer, comme il est pr\u00e9vu chaque mois, \u00ab les conditions du march\u00e9 de l\u2019\u00e9nergie, les niveaux de production et de conformit\u00e9 \u00bb \u00e0 l\u2019accord en vigueur, selon le cartel. La hausse de la production devrait ensuite, se faire de mani\u00e8re progressive: ainsi, la coupe ne sera plus que de 7,7 millions de barils par jour (mbj) d\u2019ao\u00fbt jusqu\u2019\u00e0 d\u00e9cembre, puis de 5,8 mbj de janvier 2021 \u00e0 avril 2022, selon la m\u00eame source.<\/p>\n<div class=\"wp-post-author-wrap wp-post-author-shortcode left\">\n<h3 class=\"awpa-title\"\/>\n<div class=\"wp-post-author\">\n<div class=\"awpa-img awpa-author-block square\"><a href=\"http:\/\/lexpertjournal.net\/fr\/?author=5\"><img loading=\"lazy\" decoding=\"async\" alt=\"\" src=\"http:\/\/0.gravatar.com\/avatar\/97f8e10a1c1125ba104a76514ee07b16?s=150&amp;d=mm&amp;r=g\" srcset=\"http:\/\/0.gravatar.com\/avatar\/97f8e10a1c1125ba104a76514ee07b16?s=300&amp;d=mm&amp;r=g 2x\" class=\"avatar avatar-150 photo\" height=\"150\" width=\"150\"\/><\/a><\/div>\n<\/div>\n<\/div>\n<aside class=\"mashsb-container mashsb-main mashsb-stretched\">\n<\/aside>\n<p>Auteur: L&rsquo;expert<br \/>\n<a href=\"http:\/\/lexpertjournal.net\/fr\/?p=15755\">Cliquez ici pour lire l&rsquo;article depuis sa source.<\/a><\/p>\n","protected":false},"excerpt":{"rendered":"<p>Les prix du p\u00e9trole ont baiss\u00e9, lundi, face \u00e0 la perspective d\u2019une hausse de la production des membres de l\u2019Opep+ au mois d\u2019ao\u00fbt et l\u2019avanc\u00e9e de la pand\u00e9mie de Covid-19, notamment aux Etats-Unis, selon le site Prix du baril.com. Le baril de Brent de la mer du Nord pour livraison en septembre a fini \u00e0 [&hellip;]<\/p>\n","protected":false},"author":1775,"featured_media":0,"comment_status":"closed","ping_status":"closed","sticky":false,"template":"","format":"standard","meta":{"fifu_image_url":"","fifu_image_alt":"","footnotes":""},"categories":[78,55],"tags":[],"class_list":["post-92403","post","type-post","status-publish","format-standard","hentry","category-economie","category-tunisie"],"_links":{"self":[{"href":"https:\/\/linitiative.ca\/International\/wp-json\/wp\/v2\/posts\/92403","targetHints":{"allow":["GET"]}}],"collection":[{"href":"https:\/\/linitiative.ca\/International\/wp-json\/wp\/v2\/posts"}],"about":[{"href":"https:\/\/linitiative.ca\/International\/wp-json\/wp\/v2\/types\/post"}],"author":[{"embeddable":true,"href":"https:\/\/linitiative.ca\/International\/wp-json\/wp\/v2\/users\/1775"}],"replies":[{"embeddable":true,"href":"https:\/\/linitiative.ca\/International\/wp-json\/wp\/v2\/comments?post=92403"}],"version-history":[{"count":0,"href":"https:\/\/linitiative.ca\/International\/wp-json\/wp\/v2\/posts\/92403\/revisions"}],"wp:attachment":[{"href":"https:\/\/linitiative.ca\/International\/wp-json\/wp\/v2\/media?parent=92403"}],"wp:term":[{"taxonomy":"category","embeddable":true,"href":"https:\/\/linitiative.ca\/International\/wp-json\/wp\/v2\/categories?post=92403"},{"taxonomy":"post_tag","embeddable":true,"href":"https:\/\/linitiative.ca\/International\/wp-json\/wp\/v2\/tags?post=92403"}],"curies":[{"name":"wp","href":"https:\/\/api.w.org\/{rel}","templated":true}]}}