{"id":92411,"date":"2020-07-14T14:33:22","date_gmt":"2020-07-14T18:33:22","guid":{"rendered":"https:\/\/linitiative.ca\/International\/vers-la-creation-dun-pole-universitaire\/"},"modified":"2020-07-14T14:33:22","modified_gmt":"2020-07-14T18:33:22","slug":"vers-la-creation-dun-pole-universitaire","status":"publish","type":"post","link":"https:\/\/linitiative.ca\/International\/vers-la-creation-dun-pole-universitaire\/","title":{"rendered":"Vers la cr\u00e9ation d\u2019un p\u00f4le universitaire"},"content":{"rendered":"<div readability=\"35\">\n<p>El Kel\u00e2a des Sraghna \u2013 Une r\u00e9union consacr\u00e9e \u00e0 l\u2019examen de l\u2019\u00e9tat d\u2019avancement du projet de cr\u00e9ation d\u2019un p\u00f4le universitaire \u00e0 El Kel\u00e2a des Sraghna visant \u00e0 renforcer l\u2019offre de l\u2019enseignement sup\u00e9rieur, a \u00e9t\u00e9 tenue lundi au si\u00e8ge de la pr\u00e9fecture de la province.<\/p>\n<\/div>\n<div readability=\"89\">\n<p>Pr\u00e9sid\u00e9e par le gouverneur de la province, Hicham Smahi, en pr\u00e9sence des diff\u00e9rentes parties concern\u00e9es, cette r\u00e9union a \u00e9t\u00e9 l\u2019occasion de s\u2019arr\u00eater sur l\u2019\u00e9tat d\u2019avancement des travaux de r\u00e9alisation de l\u2019Ecole Sup\u00e9rieure de Technologie (EST) dans la ville de Kela\u00e2 des Sraghna et la transformation du Centre universitaire polydisciplinaire en une Facult\u00e9 des Sciences juridiques, \u00e9conomiques et sociales.<\/p>\n<p>Cette rencontre, qui s\u2019est d\u00e9roul\u00e9e en pr\u00e9sence notamment des pr\u00e9sidents respectivement du conseil provincial et du conseil communal de Kela\u00e2 des Sraghna, le pr\u00e9sident de l\u2019universit\u00e9 Cadi Ayyad de Marrakech, le pr\u00e9sident du centre universitaire polydisciplinaire, Mohamed El Ghali, a offert l\u2019opportunit\u00e9 pour discuter des diff\u00e9rents aspects relatifs \u00e0 ces projets ainsi qu\u2019\u00e0 la question de l\u2019octroi des autorisations de construction d\u2019amphith\u00e9\u00e2tres et de grandes salles de cours.<\/p>\n<p>Les discussions ont port\u00e9, en outre, sur les aspects relatifs \u00e0 l\u2019\u00e9clairage et \u00e0 l\u2019assainissement, ainsi que sur les contraintes relatives \u00e0 l\u2019assainissement du foncier (40 hectares).<\/p>\n<p>Intervenant \u00e0 cette occasion, M. Smahi a soulign\u00e9 la n\u00e9cessit\u00e9 d\u2019acc\u00e9l\u00e9rer la cadence de travaux de r\u00e9alisation de ce projet tr\u00e8s important, d\u2019oeuvrer en vue de la cr\u00e9ation des convergences entre les diff\u00e9rents intervenants, relevant la contribution remarquable de ce futur p\u00f4le universitaire dans le d\u00e9veloppement de la province.<\/p>\n<p>L\u2019EST, dont la construction a \u00e9t\u00e9 achev\u00e9e, contribuera \u00e0 instaurer un p\u00f4le de connaissance sur l\u2019agriculture et ce, \u00e0 travers des fili\u00e8res d\u00e9di\u00e9es \u00e0 l\u2019agroalimentaire et \u00e0 l\u2019ing\u00e9nierie agricole. Ces fili\u00e8res sont parfaitement adapt\u00e9es au march\u00e9 de l\u2019emploi et \u00e0 la vocation agricole de la province.<\/p>\n<p>Les formations se d\u00e9roulent sous formes de cours pratiques dans des domaines d\u00e9di\u00e9s aux essais agricoles, qui viendront accompagner la formation th\u00e9orique.<\/p>\n<p>Concernant la cr\u00e9ation de la Facult\u00e9 des Sciences juridiques, \u00e9conomiques et sociales, qui repr\u00e9sente une priorit\u00e9 pour l\u2019Universit\u00e9 Cadi Ayyad de Marrakech, les participants \u00e0 cette r\u00e9union ont fait savoir que ce projet sera examin\u00e9 le mois prochain, par la Commission Nationale de Coordination de l\u2019Enseignement Sup\u00e9rieur (CNCES), qui tranchera sur ce sujet lors d\u2019une r\u00e9union au minist\u00e8re de tutelle.<\/p>\n<p>La cr\u00e9ation de cette facult\u00e9 permettra de renforcer l\u2019offre p\u00e9dagogique de l\u2019universit\u00e9 et la rapprocher davantage des populations de la province. Elle vise \u00e9galement \u00e0 satisfaire les besoins de cette partie du territoire national en enseignement sup\u00e9rieur.<\/p>\n<\/div>\n<p>Auteur: Meriem IGASS<br \/>\n<a href=\"http:\/\/www.mapmarrakech.ma\/fr\/vers-la-creation-dun-pole-universitaire\/\">Cliquez ici pour lire l&rsquo;article depuis sa source.<\/a><\/p>\n","protected":false},"excerpt":{"rendered":"<p>El Kel\u00e2a des Sraghna \u2013 Une r\u00e9union consacr\u00e9e \u00e0 l\u2019examen de l\u2019\u00e9tat d\u2019avancement du projet de cr\u00e9ation d\u2019un p\u00f4le universitaire \u00e0 El Kel\u00e2a des Sraghna visant \u00e0 renforcer l\u2019offre de l\u2019enseignement sup\u00e9rieur, a \u00e9t\u00e9 tenue lundi au si\u00e8ge de la pr\u00e9fecture de la province. Pr\u00e9sid\u00e9e par le gouverneur de la province, Hicham Smahi, en pr\u00e9sence [&hellip;]<\/p>\n","protected":false},"author":1788,"featured_media":0,"comment_status":"closed","ping_status":"closed","sticky":false,"template":"","format":"standard","meta":{"fifu_image_url":"","fifu_image_alt":"","footnotes":""},"categories":[54,76],"tags":[],"class_list":["post-92411","post","type-post","status-publish","format-standard","hentry","category-maroc","category-regions"],"_links":{"self":[{"href":"https:\/\/linitiative.ca\/International\/wp-json\/wp\/v2\/posts\/92411","targetHints":{"allow":["GET"]}}],"collection":[{"href":"https:\/\/linitiative.ca\/International\/wp-json\/wp\/v2\/posts"}],"about":[{"href":"https:\/\/linitiative.ca\/International\/wp-json\/wp\/v2\/types\/post"}],"author":[{"embeddable":true,"href":"https:\/\/linitiative.ca\/International\/wp-json\/wp\/v2\/users\/1788"}],"replies":[{"embeddable":true,"href":"https:\/\/linitiative.ca\/International\/wp-json\/wp\/v2\/comments?post=92411"}],"version-history":[{"count":0,"href":"https:\/\/linitiative.ca\/International\/wp-json\/wp\/v2\/posts\/92411\/revisions"}],"wp:attachment":[{"href":"https:\/\/linitiative.ca\/International\/wp-json\/wp\/v2\/media?parent=92411"}],"wp:term":[{"taxonomy":"category","embeddable":true,"href":"https:\/\/linitiative.ca\/International\/wp-json\/wp\/v2\/categories?post=92411"},{"taxonomy":"post_tag","embeddable":true,"href":"https:\/\/linitiative.ca\/International\/wp-json\/wp\/v2\/tags?post=92411"}],"curies":[{"name":"wp","href":"https:\/\/api.w.org\/{rel}","templated":true}]}}