{"id":92419,"date":"2020-07-15T09:55:58","date_gmt":"2020-07-15T13:55:58","guid":{"rendered":"https:\/\/linitiative.ca\/International\/eqdom-nouvelle-identite-visuelle\/"},"modified":"2020-07-15T09:55:58","modified_gmt":"2020-07-15T13:55:58","slug":"eqdom-nouvelle-identite-visuelle","status":"publish","type":"post","link":"https:\/\/linitiative.ca\/International\/eqdom-nouvelle-identite-visuelle\/","title":{"rendered":"Eqdom, nouvelle identit\u00e9 visuelle"},"content":{"rendered":"<div class=\"author\" readability=\"5.7931034482759\"> Par <a href=\"\/content\/amin-rboub\">Amin RBOUB<\/a> <a href=\"\/node\/\"> <\/a> | Edition N\u00b0:5804 Le 15\/07\/2020 | Partager <\/div>\n<div class=\"body\">\n<div class=\"field field-name-body field-type-text-with-summary field-label-hidden\">\n<div class=\"field-items\" readability=\"8.3185053380783\">\n<div class=\"field-item even\" property=\"content:encoded\" readability=\"11.743772241993\">\n<p class=\"rtejustify\">Filiale du groupe Soci\u00e9t\u00e9 G\u00e9n\u00e9rale et op\u00e9rateur de r\u00e9f\u00e9rence du cr\u00e9dit \u00e0 la consommation depuis plus de 45 ans, Eqdom se r\u00e9invente avec une nouvelle identit\u00e9 visuelle. Ce changement va au-del\u00e0 du logo et de la signature du groupe et marque l\u2019av\u00e8nement d\u2019une transformation de fond vers un fonctionnement ax\u00e9 sur la centralit\u00e9 du client. Une premi\u00e8re preuve de cette promesse de proximit\u00e9 est l\u2019octroi de cr\u00e9dit en ligne via la plateforme <a href=\"http:\/\/www.eqdom.ma\">www.eqdom.ma<\/a>, qui permet de r\u00e9inventer l\u2019exp\u00e9rience client avec une r\u00e9ponse instantan\u00e9e.<br \/><em>\u00a0A.R.<\/em><\/p>\n<\/div>\n<\/div>\n<\/div>\n<\/div>\n<div class=\"eco-conseil\">\n<div class=\"view view-eco-conseil-16 view-id-eco_conseil_16 view-display-id-cookies view-dom-id-36eeb1bbe9f76f09d81d3615f8fe92cb\">\n<div class=\"view-content\">\n<div id=\"views-bootstrap-grid-1\" class=\"views-bootstrap-grid-plugin-style\">\n<div class=\"row\">\n<div class=\" col-xs-12 col-lg-4\">\n<div class=\"row\">\n<div class=\"col col-xs-12 col-lg-12\">\n<div class=\"field-content\"><a href=\"\/article\/1064763-education-maroc-numeric-fund-investit-dans-koolskools\"><img loading=\"lazy\" decoding=\"async\" class=\"img-responsive\" typeof=\"foaf:Image\" src=\"https:\/\/www.leconomiste.com\/sites\/default\/files\/eco7\/public\/styles\/800x400\/public\/default_images\/default_une.jpg?itok=4jZlgnIZ\" width=\"660\" height=\"330\" alt=\"\"\/><\/a><\/div>\n<\/div>\n<div class=\" title_suite_2 col col-xs-12 col-lg-12\"> <a href=\"\/article\/1064763-education-maroc-numeric-fund-investit-dans-koolskools\"\/><span class=\"field-content\">Education: Maroc Numeric Fund investit dans KoolSkools<\/span><\/div>\n<\/div>\n<\/div>\n<div class=\" col-xs-12 col-lg-4\">\n<div class=\"row\">\n<div class=\"col col-xs-12 col-lg-12\">\n<div class=\"field-content\"><a href=\"\/article\/1064762-grandes-ecoles-semaine-des-inscriptions-en-ligne\"><img loading=\"lazy\" decoding=\"async\" class=\"img-responsive\" typeof=\"foaf:Image\" src=\"https:\/\/www.leconomiste.com\/sites\/default\/files\/eco7\/public\/styles\/800x400\/public\/default_images\/default_une.jpg?itok=4jZlgnIZ\" width=\"660\" height=\"330\" alt=\"\"\/><\/a><\/div>\n<\/div>\n<div class=\" title_suite_2 col col-xs-12 col-lg-12\"> <a href=\"\/article\/1064762-grandes-ecoles-semaine-des-inscriptions-en-ligne\"\/><span class=\"field-content\">Grandes \u00e9coles: Semaine des inscriptions en ligne<\/span><\/div>\n<\/div>\n<\/div>\n<div class=\" col-xs-12 col-lg-4\">\n<div class=\"row\">\n<div class=\"col col-xs-12 col-lg-12\">\n<div class=\"field-content\"><a href=\"\/article\/1064761-etudiants-bloques-l-etranger-les-examens-en-septembre\"><img loading=\"lazy\" decoding=\"async\" class=\"img-responsive\" typeof=\"foaf:Image\" src=\"https:\/\/www.leconomiste.com\/sites\/default\/files\/eco7\/public\/styles\/800x400\/public\/default_images\/default_une.jpg?itok=4jZlgnIZ\" width=\"660\" height=\"330\" alt=\"\"\/><\/a><\/div>\n<\/div>\n<div class=\" title_suite_2 col col-xs-12 col-lg-12\"> <a href=\"\/article\/1064761-etudiants-bloques-l-etranger-les-examens-en-septembre\"\/><span class=\"field-content\">Etudiants bloqu\u00e9s \u00e0 l\u2019\u00e9tranger: Les examens en septembre<\/span><\/div>\n<\/div>\n<\/div>\n<\/div>\n<\/div>\n<\/div>\n<\/div>\n<\/div>\n<p>Auteur: hlafriqi<br \/>\n<a href=\"https:\/\/www.leconomiste.com\/article\/1064759-eqdom-nouvelle-identite-visuelle\">Cliquez ici pour lire l&rsquo;article depuis sa source.<\/a><\/p>\n","protected":false},"excerpt":{"rendered":"<p>Par Amin RBOUB | Edition N\u00b0:5804 Le 15\/07\/2020 | Partager Filiale du groupe Soci\u00e9t\u00e9 G\u00e9n\u00e9rale et op\u00e9rateur de r\u00e9f\u00e9rence du cr\u00e9dit \u00e0 la consommation depuis plus de 45 ans, Eqdom se r\u00e9invente avec une nouvelle identit\u00e9 visuelle. Ce changement va au-del\u00e0 du logo et de la signature du groupe et marque l\u2019av\u00e8nement d\u2019une transformation de [&hellip;]<\/p>\n","protected":false},"author":1763,"featured_media":0,"comment_status":"closed","ping_status":"closed","sticky":false,"template":"","format":"standard","meta":{"fifu_image_url":"","fifu_image_alt":"","footnotes":""},"categories":[78,54],"tags":[],"class_list":["post-92419","post","type-post","status-publish","format-standard","hentry","category-economie","category-maroc"],"_links":{"self":[{"href":"https:\/\/linitiative.ca\/International\/wp-json\/wp\/v2\/posts\/92419","targetHints":{"allow":["GET"]}}],"collection":[{"href":"https:\/\/linitiative.ca\/International\/wp-json\/wp\/v2\/posts"}],"about":[{"href":"https:\/\/linitiative.ca\/International\/wp-json\/wp\/v2\/types\/post"}],"author":[{"embeddable":true,"href":"https:\/\/linitiative.ca\/International\/wp-json\/wp\/v2\/users\/1763"}],"replies":[{"embeddable":true,"href":"https:\/\/linitiative.ca\/International\/wp-json\/wp\/v2\/comments?post=92419"}],"version-history":[{"count":0,"href":"https:\/\/linitiative.ca\/International\/wp-json\/wp\/v2\/posts\/92419\/revisions"}],"wp:attachment":[{"href":"https:\/\/linitiative.ca\/International\/wp-json\/wp\/v2\/media?parent=92419"}],"wp:term":[{"taxonomy":"category","embeddable":true,"href":"https:\/\/linitiative.ca\/International\/wp-json\/wp\/v2\/categories?post=92419"},{"taxonomy":"post_tag","embeddable":true,"href":"https:\/\/linitiative.ca\/International\/wp-json\/wp\/v2\/tags?post=92419"}],"curies":[{"name":"wp","href":"https:\/\/api.w.org\/{rel}","templated":true}]}}