{"id":92420,"date":"2020-07-15T09:57:01","date_gmt":"2020-07-15T13:57:01","guid":{"rendered":"https:\/\/linitiative.ca\/International\/9e-session-du-conseil-de-medecine-du-travail\/"},"modified":"2020-07-15T09:57:01","modified_gmt":"2020-07-15T13:57:01","slug":"9e-session-du-conseil-de-medecine-du-travail","status":"publish","type":"post","link":"https:\/\/linitiative.ca\/International\/9e-session-du-conseil-de-medecine-du-travail\/","title":{"rendered":"9e session du Conseil de m\u00e9decine du travail"},"content":{"rendered":"<div class=\"author\" readability=\"5.6949152542373\"> Par <a href=\"\/content\/ahlam-nazih\"> Ahlam NAZIH<\/a> <a href=\"\/node\/\"> <\/a> | Edition N\u00b0:5804 Le 15\/07\/2020 | Partager <\/div>\n<div class=\"body\">\n<div class=\"field field-name-body field-type-text-with-summary field-label-hidden\">\n<div class=\"field-items\" readability=\"10\">\n<div class=\"field-item even\" property=\"content:encoded\" readability=\"15\">\n<p class=\"rtejustify\">Le Conseil de m\u00e9decine du travail et de pr\u00e9vention des risques professionnels tient sa 9e session ce mercredi 15 juillet au si\u00e8ge de la direction du Travail \u00e0 Rabat. A l\u2019ordre du jour, la pr\u00e9sentation du protocole pour la gestion du risque de contamination au Covid-19 dans les lieux de travail, ainsi que des mesures de pr\u00e9vention prises par certains d\u00e9partements minist\u00e9riels, organisations professionnelles d\u2019employeurs et syndicats. Il sera \u00e9galement question d\u2019examiner des projets de plans de formation et de communication en mati\u00e8re de s\u00e9curit\u00e9 au travail. Le conseil passera, en outre, en revue les modalit\u00e9s de pr\u00e9paration d\u2019un plan d\u2019action pour le programme national sur la sant\u00e9 et la s\u00e9curit\u00e9 au travail.<br \/><em>A.Na<\/em><\/p>\n<\/div>\n<\/div>\n<\/div>\n<\/div>\n<div class=\"eco-conseil\">\n<div class=\"view view-eco-conseil-16 view-id-eco_conseil_16 view-display-id-cookies view-dom-id-e2b5da00f0da86ce08bc075d8742625d\">\n<div class=\"view-content\">\n<div id=\"views-bootstrap-grid-1\" class=\"views-bootstrap-grid-plugin-style\">\n<div class=\"row\">\n<div class=\" col-xs-12 col-lg-4\">\n<div class=\"row\">\n<div class=\"col col-xs-12 col-lg-12\">\n<div class=\"field-content\"><a href=\"\/article\/1064763-education-maroc-numeric-fund-investit-dans-koolskools\"><img loading=\"lazy\" decoding=\"async\" class=\"img-responsive\" typeof=\"foaf:Image\" src=\"https:\/\/www.leconomiste.com\/sites\/default\/files\/eco7\/public\/styles\/800x400\/public\/default_images\/default_une.jpg?itok=4jZlgnIZ\" width=\"660\" height=\"330\" alt=\"\"\/><\/a><\/div>\n<\/div>\n<div class=\" title_suite_2 col col-xs-12 col-lg-12\"> <a href=\"\/article\/1064763-education-maroc-numeric-fund-investit-dans-koolskools\"\/><span class=\"field-content\">Education: Maroc Numeric Fund investit dans KoolSkools<\/span><\/div>\n<\/div>\n<\/div>\n<div class=\" col-xs-12 col-lg-4\">\n<div class=\"row\">\n<div class=\"col col-xs-12 col-lg-12\">\n<div class=\"field-content\"><a href=\"\/article\/1064762-grandes-ecoles-semaine-des-inscriptions-en-ligne\"><img loading=\"lazy\" decoding=\"async\" class=\"img-responsive\" typeof=\"foaf:Image\" src=\"https:\/\/www.leconomiste.com\/sites\/default\/files\/eco7\/public\/styles\/800x400\/public\/default_images\/default_une.jpg?itok=4jZlgnIZ\" width=\"660\" height=\"330\" alt=\"\"\/><\/a><\/div>\n<\/div>\n<div class=\" title_suite_2 col col-xs-12 col-lg-12\"> <a href=\"\/article\/1064762-grandes-ecoles-semaine-des-inscriptions-en-ligne\"\/><span class=\"field-content\">Grandes \u00e9coles: Semaine des inscriptions en ligne<\/span><\/div>\n<\/div>\n<\/div>\n<div class=\" col-xs-12 col-lg-4\">\n<div class=\"row\">\n<div class=\"col col-xs-12 col-lg-12\">\n<div class=\"field-content\"><a href=\"\/article\/1064761-etudiants-bloques-l-etranger-les-examens-en-septembre\"><img loading=\"lazy\" decoding=\"async\" class=\"img-responsive\" typeof=\"foaf:Image\" src=\"https:\/\/www.leconomiste.com\/sites\/default\/files\/eco7\/public\/styles\/800x400\/public\/default_images\/default_une.jpg?itok=4jZlgnIZ\" width=\"660\" height=\"330\" alt=\"\"\/><\/a><\/div>\n<\/div>\n<div class=\" title_suite_2 col col-xs-12 col-lg-12\"> <a href=\"\/article\/1064761-etudiants-bloques-l-etranger-les-examens-en-septembre\"\/><span class=\"field-content\">Etudiants bloqu\u00e9s \u00e0 l\u2019\u00e9tranger: Les examens en septembre<\/span><\/div>\n<\/div>\n<\/div>\n<\/div>\n<\/div>\n<\/div>\n<\/div>\n<\/div>\n<p>Auteur: hlafriqi<br \/>\n<a href=\"https:\/\/www.leconomiste.com\/article\/1064760-9e-session-du-conseil-de-medecine-du-travail\">Cliquez ici pour lire l&rsquo;article depuis sa source.<\/a><\/p>\n","protected":false},"excerpt":{"rendered":"<p>Par Ahlam NAZIH | Edition N\u00b0:5804 Le 15\/07\/2020 | Partager Le Conseil de m\u00e9decine du travail et de pr\u00e9vention des risques professionnels tient sa 9e session ce mercredi 15 juillet au si\u00e8ge de la direction du Travail \u00e0 Rabat. A l\u2019ordre du jour, la pr\u00e9sentation du protocole pour la gestion du risque de contamination au [&hellip;]<\/p>\n","protected":false},"author":1763,"featured_media":0,"comment_status":"closed","ping_status":"closed","sticky":false,"template":"","format":"standard","meta":{"fifu_image_url":"","fifu_image_alt":"","footnotes":""},"categories":[78,54],"tags":[],"class_list":["post-92420","post","type-post","status-publish","format-standard","hentry","category-economie","category-maroc"],"_links":{"self":[{"href":"https:\/\/linitiative.ca\/International\/wp-json\/wp\/v2\/posts\/92420","targetHints":{"allow":["GET"]}}],"collection":[{"href":"https:\/\/linitiative.ca\/International\/wp-json\/wp\/v2\/posts"}],"about":[{"href":"https:\/\/linitiative.ca\/International\/wp-json\/wp\/v2\/types\/post"}],"author":[{"embeddable":true,"href":"https:\/\/linitiative.ca\/International\/wp-json\/wp\/v2\/users\/1763"}],"replies":[{"embeddable":true,"href":"https:\/\/linitiative.ca\/International\/wp-json\/wp\/v2\/comments?post=92420"}],"version-history":[{"count":0,"href":"https:\/\/linitiative.ca\/International\/wp-json\/wp\/v2\/posts\/92420\/revisions"}],"wp:attachment":[{"href":"https:\/\/linitiative.ca\/International\/wp-json\/wp\/v2\/media?parent=92420"}],"wp:term":[{"taxonomy":"category","embeddable":true,"href":"https:\/\/linitiative.ca\/International\/wp-json\/wp\/v2\/categories?post=92420"},{"taxonomy":"post_tag","embeddable":true,"href":"https:\/\/linitiative.ca\/International\/wp-json\/wp\/v2\/tags?post=92420"}],"curies":[{"name":"wp","href":"https:\/\/api.w.org\/{rel}","templated":true}]}}