{"id":92421,"date":"2020-07-15T09:58:06","date_gmt":"2020-07-15T13:58:06","guid":{"rendered":"https:\/\/linitiative.ca\/International\/etudiants-bloques-a-letranger-les-examens-en-septembre\/"},"modified":"2020-07-15T09:58:06","modified_gmt":"2020-07-15T13:58:06","slug":"etudiants-bloques-a-letranger-les-examens-en-septembre","status":"publish","type":"post","link":"https:\/\/linitiative.ca\/International\/etudiants-bloques-a-letranger-les-examens-en-septembre\/","title":{"rendered":"Etudiants bloqu\u00e9s \u00e0 l\u2019\u00e9tranger: Les examens en septembre"},"content":{"rendered":"<div class=\"author\" readability=\"5.6949152542373\"> Par <a href=\"\/content\/ahlam-nazih\"> Ahlam NAZIH<\/a> <a href=\"\/node\/\"> <\/a> | Edition N\u00b0:5804 Le 15\/07\/2020 | Partager <\/div>\n<div class=\"body\">\n<div class=\"field field-name-body field-type-text-with-summary field-label-hidden\">\n<div class=\"field-items\" readability=\"9.5\">\n<div class=\"field-item even\" property=\"content:encoded\" readability=\"14\">\n<p class=\"rtejustify\">Les \u00e9tablissements \u00e0 acc\u00e8s s\u00e9lectif sont cens\u00e9s organiser leurs examens durant ce mois de juillet. Ceux des facult\u00e9s de m\u00e9decine ont, d\u2019ailleurs, commenc\u00e9 lundi dernier. Les \u00e9tudiants relevant de ces \u00e9tablissements toujours bloqu\u00e9s \u00e0 l\u2019\u00e9tranger pourront passer les \u00e9preuves, exceptionnellement, en septembre.<br \/><em>A.Na<\/em><\/p>\n<\/div>\n<\/div>\n<\/div>\n<\/div>\n<div class=\"eco-conseil\">\n<div class=\"view view-eco-conseil-16 view-id-eco_conseil_16 view-display-id-cookies view-dom-id-50e51fee15287bef17ee9caaca53f38e\">\n<div class=\"view-content\">\n<div id=\"views-bootstrap-grid-1\" class=\"views-bootstrap-grid-plugin-style\">\n<div class=\"row\">\n<div class=\" col-xs-12 col-lg-4\">\n<div class=\"row\">\n<div class=\"col col-xs-12 col-lg-12\">\n<div class=\"field-content\"><a href=\"\/article\/1064763-education-maroc-numeric-fund-investit-dans-koolskools\"><img loading=\"lazy\" decoding=\"async\" class=\"img-responsive\" typeof=\"foaf:Image\" src=\"https:\/\/www.leconomiste.com\/sites\/default\/files\/eco7\/public\/styles\/800x400\/public\/default_images\/default_une.jpg?itok=4jZlgnIZ\" width=\"660\" height=\"330\" alt=\"\"\/><\/a><\/div>\n<\/div>\n<div class=\" title_suite_2 col col-xs-12 col-lg-12\"> <a href=\"\/article\/1064763-education-maroc-numeric-fund-investit-dans-koolskools\"\/><span class=\"field-content\">Education: Maroc Numeric Fund investit dans KoolSkools<\/span><\/div>\n<\/div>\n<\/div>\n<div class=\" col-xs-12 col-lg-4\">\n<div class=\"row\">\n<div class=\"col col-xs-12 col-lg-12\">\n<div class=\"field-content\"><a href=\"\/article\/1064762-grandes-ecoles-semaine-des-inscriptions-en-ligne\"><img loading=\"lazy\" decoding=\"async\" class=\"img-responsive\" typeof=\"foaf:Image\" src=\"https:\/\/www.leconomiste.com\/sites\/default\/files\/eco7\/public\/styles\/800x400\/public\/default_images\/default_une.jpg?itok=4jZlgnIZ\" width=\"660\" height=\"330\" alt=\"\"\/><\/a><\/div>\n<\/div>\n<div class=\" title_suite_2 col col-xs-12 col-lg-12\"> <a href=\"\/article\/1064762-grandes-ecoles-semaine-des-inscriptions-en-ligne\"\/><span class=\"field-content\">Grandes \u00e9coles: Semaine des inscriptions en ligne<\/span><\/div>\n<\/div>\n<\/div>\n<div class=\" col-xs-12 col-lg-4\">\n<div class=\"row\">\n<div class=\"col col-xs-12 col-lg-12\">\n<div class=\"field-content\"><a href=\"\/article\/1064760-9e-session-du-conseil-de-medecine-du-travail\"><img loading=\"lazy\" decoding=\"async\" class=\"img-responsive\" typeof=\"foaf:Image\" src=\"https:\/\/www.leconomiste.com\/sites\/default\/files\/eco7\/public\/styles\/800x400\/public\/default_images\/default_une.jpg?itok=4jZlgnIZ\" width=\"660\" height=\"330\" alt=\"\"\/><\/a><\/div>\n<\/div>\n<div class=\" title_suite_2 col col-xs-12 col-lg-12\"> <a href=\"\/article\/1064760-9e-session-du-conseil-de-medecine-du-travail\"\/><span class=\"field-content\">9e session du Conseil de m\u00e9decine du travail<\/span><\/div>\n<\/div>\n<\/div>\n<\/div>\n<\/div>\n<\/div>\n<\/div>\n<\/div>\n<p>Auteur: hlafriqi<br \/>\n<a href=\"https:\/\/www.leconomiste.com\/article\/1064761-etudiants-bloques-l-etranger-les-examens-en-septembre\">Cliquez ici pour lire l&rsquo;article depuis sa source.<\/a><\/p>\n","protected":false},"excerpt":{"rendered":"<p>Par Ahlam NAZIH | Edition N\u00b0:5804 Le 15\/07\/2020 | Partager Les \u00e9tablissements \u00e0 acc\u00e8s s\u00e9lectif sont cens\u00e9s organiser leurs examens durant ce mois de juillet. Ceux des facult\u00e9s de m\u00e9decine ont, d\u2019ailleurs, commenc\u00e9 lundi dernier. Les \u00e9tudiants relevant de ces \u00e9tablissements toujours bloqu\u00e9s \u00e0 l\u2019\u00e9tranger pourront passer les \u00e9preuves, exceptionnellement, en septembre.A.Na Education: Maroc Numeric [&hellip;]<\/p>\n","protected":false},"author":1763,"featured_media":0,"comment_status":"closed","ping_status":"closed","sticky":false,"template":"","format":"standard","meta":{"fifu_image_url":"","fifu_image_alt":"","footnotes":""},"categories":[78,54],"tags":[],"class_list":["post-92421","post","type-post","status-publish","format-standard","hentry","category-economie","category-maroc"],"_links":{"self":[{"href":"https:\/\/linitiative.ca\/International\/wp-json\/wp\/v2\/posts\/92421","targetHints":{"allow":["GET"]}}],"collection":[{"href":"https:\/\/linitiative.ca\/International\/wp-json\/wp\/v2\/posts"}],"about":[{"href":"https:\/\/linitiative.ca\/International\/wp-json\/wp\/v2\/types\/post"}],"author":[{"embeddable":true,"href":"https:\/\/linitiative.ca\/International\/wp-json\/wp\/v2\/users\/1763"}],"replies":[{"embeddable":true,"href":"https:\/\/linitiative.ca\/International\/wp-json\/wp\/v2\/comments?post=92421"}],"version-history":[{"count":0,"href":"https:\/\/linitiative.ca\/International\/wp-json\/wp\/v2\/posts\/92421\/revisions"}],"wp:attachment":[{"href":"https:\/\/linitiative.ca\/International\/wp-json\/wp\/v2\/media?parent=92421"}],"wp:term":[{"taxonomy":"category","embeddable":true,"href":"https:\/\/linitiative.ca\/International\/wp-json\/wp\/v2\/categories?post=92421"},{"taxonomy":"post_tag","embeddable":true,"href":"https:\/\/linitiative.ca\/International\/wp-json\/wp\/v2\/tags?post=92421"}],"curies":[{"name":"wp","href":"https:\/\/api.w.org\/{rel}","templated":true}]}}