{"id":92424,"date":"2020-07-15T10:55:47","date_gmt":"2020-07-15T14:55:47","guid":{"rendered":"https:\/\/linitiative.ca\/International\/six-mois-de-prison-et-des-poussieres\/"},"modified":"2020-07-15T10:55:47","modified_gmt":"2020-07-15T14:55:47","slug":"six-mois-de-prison-et-des-poussieres","status":"publish","type":"post","link":"https:\/\/linitiative.ca\/International\/six-mois-de-prison-et-des-poussieres\/","title":{"rendered":"Six mois de prison  et des poussi\u00e8res\u2026"},"content":{"rendered":"<p class=\"p1 c4\"><span class=\"c3\"><span class=\"s1 c2\"><strong>LE TEMPS \u2013Samia HARRAR<\/strong><\/span><\/span><\/p>\n<p class=\"p2 c5\"><span class=\"c3\">De quoi on parle ? Mais de quoi on parle vraiment ? Et quelle d\u00e9mocratie, est-on en train d\u2019installer, qui se paye le luxe de mettre une jeune \u00ab bloggeuse \u00bb en prison, sous couvert d\u2019offense au sacr\u00e9, lors m\u00eame qu\u2019il s\u2019agissait d\u2019un partage, d\u2019une simple parodie, d\u2019une petite pouss\u00e9e d\u2019humour, qui peut certes, ne pas plaire, mais qui ne pr\u00eate pas non plus \u00e0 cons\u00e9quence. Cela s\u2019appelle \u00ab libert\u00e9 d\u2019expression \u00bb.<\/span><\/p>\n<p class=\"p2 c5\"><span class=\"c3\">Mais de quoi parle-t-on vraiment ? Offense \u00e0 la religion ? Incitation \u00e0 la haine entre les religions ? Tout et n\u2019importe quoi pour r\u00e9primer. Tout et n\u2019importe quoi pour pousser nos jeunes \u00e0 partir, quitte \u00e0 risquer le grand large, et y laisser plus que des plumes. Et les yeux pour pleurer.<span class=\"Apple-converted-space\">\u00a0<\/span><\/span><\/p>\n<p class=\"p2 c5\"><span class=\"c3\">Justice ? Six mois de prison et deux mille dinars d\u2019amende, pour Emna Chargui, De quoi s\u2019est-elle rendue coupable, et qu\u2019a-t-elle fait, qui m\u00e9rite tant de haine, lorsque la religion, qui n\u2019a besoin de personne pour la repr\u00e9senter, vu qu\u2019elle est ascendance, ne s\u2019en trouve nullement l\u00e9s\u00e9e ?<\/span><\/p>\n<p class=\"p2 c5\"><span class=\"c3\">Cr\u00e9er un pr\u00e9c\u00e9dent, pour pouvoir avancer, un cran \u00ab plus \u00bb, dans la b\u00eatise crasse et la crasse ignorance, qui ignorent, toutes les deux, en lui tournant le dos, le respect des libert\u00e9s. Quant \u00e0 la d\u00e9mocratie, sous nos fi\u00e8res latitudes, aujourd\u2019hui, elle n\u2019en m\u00e8ne pas large. Vous savez quoi, si c\u2019est ainsi que vous voyez les choses,<span class=\"Apple-converted-space\">\u00a0<\/span> ne vous d\u00e9rangez nullement, \u00e0 vous tirer dans les \u00ab pattes \u00bb, en jurant vos grands dieux, qu\u2019on ne vous y reprendra plus. Et le Sieur Rached, pour le coup, il peut rester sur son \u00ab perchoir \u00bb. Il se confondra parfaitement avec le paysage, que vous avez dessin\u00e9. Le reste\u2026 Miroir aux alouettes.<span class=\"Apple-converted-space\">\u00a0<\/span><\/span><\/p>\n<p class=\"p3 c6\">\u00a0<\/p>\n<p class=\"p4 c7\"><span class=\"c3\"><strong>S.H<\/strong><\/span><\/p>\n<p>Auteur: letemps1<br \/>\n<a href=\"http:\/\/www.letemps.com.tn\/article\/115645\/six-mois-de-prison-et-des-poussi%C3%A8res%E2%80%A6\">Cliquez ici pour lire l&rsquo;article depuis sa source.<\/a><\/p>\n","protected":false},"excerpt":{"rendered":"<p>LE TEMPS \u2013Samia HARRAR De quoi on parle ? Mais de quoi on parle vraiment ? Et quelle d\u00e9mocratie, est-on en train d\u2019installer, qui se paye le luxe de mettre une jeune \u00ab bloggeuse \u00bb en prison, sous couvert d\u2019offense au sacr\u00e9, lors m\u00eame qu\u2019il s\u2019agissait d\u2019un partage, d\u2019une simple parodie, d\u2019une petite pouss\u00e9e d\u2019humour, [&hellip;]<\/p>\n","protected":false},"author":1773,"featured_media":0,"comment_status":"closed","ping_status":"closed","sticky":false,"template":"","format":"standard","meta":{"fifu_image_url":"","fifu_image_alt":"","footnotes":""},"categories":[73,55],"tags":[],"class_list":["post-92424","post","type-post","status-publish","format-standard","hentry","category-actualite","category-tunisie"],"_links":{"self":[{"href":"https:\/\/linitiative.ca\/International\/wp-json\/wp\/v2\/posts\/92424","targetHints":{"allow":["GET"]}}],"collection":[{"href":"https:\/\/linitiative.ca\/International\/wp-json\/wp\/v2\/posts"}],"about":[{"href":"https:\/\/linitiative.ca\/International\/wp-json\/wp\/v2\/types\/post"}],"author":[{"embeddable":true,"href":"https:\/\/linitiative.ca\/International\/wp-json\/wp\/v2\/users\/1773"}],"replies":[{"embeddable":true,"href":"https:\/\/linitiative.ca\/International\/wp-json\/wp\/v2\/comments?post=92424"}],"version-history":[{"count":0,"href":"https:\/\/linitiative.ca\/International\/wp-json\/wp\/v2\/posts\/92424\/revisions"}],"wp:attachment":[{"href":"https:\/\/linitiative.ca\/International\/wp-json\/wp\/v2\/media?parent=92424"}],"wp:term":[{"taxonomy":"category","embeddable":true,"href":"https:\/\/linitiative.ca\/International\/wp-json\/wp\/v2\/categories?post=92424"},{"taxonomy":"post_tag","embeddable":true,"href":"https:\/\/linitiative.ca\/International\/wp-json\/wp\/v2\/tags?post=92424"}],"curies":[{"name":"wp","href":"https:\/\/api.w.org\/{rel}","templated":true}]}}