{"id":92425,"date":"2020-07-15T10:56:52","date_gmt":"2020-07-15T14:56:52","guid":{"rendered":"https:\/\/linitiative.ca\/International\/debrayage-aujourdhui-dans-la-sante-publique\/"},"modified":"2020-07-15T10:56:52","modified_gmt":"2020-07-15T14:56:52","slug":"debrayage-aujourdhui-dans-la-sante-publique","status":"publish","type":"post","link":"https:\/\/linitiative.ca\/International\/debrayage-aujourdhui-dans-la-sante-publique\/","title":{"rendered":"D\u00e9brayage, aujourd\u2019hui, dans la sant\u00e9 publique"},"content":{"rendered":"<p class=\"p1 c4\"><span class=\"c3\"><span class=\"s1 c2\"><strong>LE TEMPS \u2013 TAP<\/strong><\/span><\/span><\/p>\n<p class=\"p2 c5\"><span class=\"c3\">Le syndicat g\u00e9n\u00e9ral des m\u00e9decins, m\u00e9decins-dentistes et pharmaciens hospitalo-universitaires a annonc\u00e9, hier, le maintien de la gr\u00e8ve pr\u00e9vue, aujourd\u2019hui, mercredi, apr\u00e8s l\u2019\u00e9chec de la s\u00e9ance de n\u00e9gociations qui s\u2019est poursuivie jusque tard dans la soir\u00e9e du lundi entre le syndicat et le ministre de la Sant\u00e9, Abdellatif Mekki, et celui de l\u2019Enseignement sup\u00e9rieur et de la Recherche scientifique, Slim Choura.<\/span><\/p>\n<p class=\"p1 c6\"><span class=\"c3\">La secr\u00e9taire g\u00e9n\u00e9rale du syndicat, Ahlem Belhaj a d\u00e9clar\u00e9 que la partie administrative n\u2019a pas pr\u00e9sent\u00e9 au cours de cette r\u00e9union qui s\u2019est tenue en pr\u00e9sence du secr\u00e9taire g\u00e9n\u00e9ral-adjoint de l\u2019Union g\u00e9n\u00e9rale tunisienne du travail (UGTT) charg\u00e9 de la fonction publique, Mon\u00e9em Amira ainsi que des membres du syndicat, de propositions s\u00e9rieuses, mais s\u2019est content\u00e9e de r\u00e9it\u00e9rer son engagement \u00e0 respecter les accords pr\u00e9c\u00e9demment conclus sans fixer de d\u00e9lais pr\u00e9cis et clairs pour leur mise en \u0153uvre.<\/span><\/p>\n<p class=\"p1 c6\"><span class=\"c3\">Elle a expliqu\u00e9 que les d\u00e9partements de la Sant\u00e9 et de l\u2019Enseignement sup\u00e9rieur ne sont pas en mesure de prendre des engagements sans l\u2019avis des minist\u00e8res des Finances et de la Fonction publique, ce qui n\u00e9cessite, a-t-elle dit, d\u2019\u00e9largir les n\u00e9gociations sur les revendications du secteur avec les diff\u00e9rents minist\u00e8res concern\u00e9s.<\/span><\/p>\n<p class=\"p1 c6\"><span class=\"c3\">Le syndicat a appel\u00e9 ses adh\u00e9rents \u00e0 respecter les modalit\u00e9s de la gr\u00e8ve, tout en assurant une permanence aux services des urgences et en veillant au bon d\u00e9roulement des examens.<\/span><\/p>\n<p class=\"p1 c6\"><span class=\"c3\">La r\u00e9union, qui s\u2019est tenue au minist\u00e8re de la Sant\u00e9, a port\u00e9 sur les accords conclus entre les parties concern\u00e9es et sur la r\u00e9forme du syst\u00e8me de sant\u00e9 sous double-tutelle. Il a \u00e9t\u00e9 convenu de tenir un atelier de travail au cours de cette semaine regroupant les parties concern\u00e9es pour r\u00e9soudre certaines questions en suspens, selon un communiqu\u00e9 publi\u00e9e, lundi soir, par le minist\u00e8re de la Sant\u00e9.<\/span><\/p>\n<p class=\"p1 c6\"><span class=\"c3\">Selon Belhaj, le syndicat appelle, notamment, \u00e0 la r\u00e9forme du syst\u00e8me de sant\u00e9, au sauvetage de l\u2019h\u00f4pital public de la faillite et \u00e0 la r\u00e9vision du statut particulier. Il revendique, aussi, de renoncer au projet d\u2019amendement de la loi de 2008 autorisant l\u2019enseignement de la m\u00e9decine et de la pharmacie dans les \u00e9tablissements priv\u00e9s.<\/span><\/p>\n<p class=\"p1 c6\"><span class=\"c3\">En parall\u00e8le, des m\u00e9decins g\u00e9n\u00e9ralistes de la sant\u00e9 publique ont observ\u00e9 hier un sit-in devant le si\u00e8ge du minist\u00e8re de la sant\u00e9 \u00e0 Tunis pour revendiquer l\u2019amendement du d\u00e9cret gouvernemental n341 de 2019 fixant le cadre g\u00e9n\u00e9ral du r\u00e9gime des \u00e9tudes et les conditions d\u2019obtention des dipl\u00f4mes des \u00e9tudes m\u00e9dicales.<\/span><\/p>\n<p class=\"p1 c6\"><span class=\"c3\">Mondher Ghozzi, membre du bureau ex\u00e9cutif de l\u2019Union des m\u00e9decins g\u00e9n\u00e9ralistes de la sant\u00e9 publique (syndicat ind\u00e9pendant), a estim\u00e9 que ce d\u00e9cret gouvernemental touche \u00e0 la dignit\u00e9 de leur corps et r\u00e9duit le r\u00f4le du m\u00e9decin g\u00e9n\u00e9raliste face au m\u00e9decin de famille.<\/span><\/p>\n<p class=\"p1 c6\"><span class=\"c3\">\u00abCe mouvement de protestation qui se poursuit les 13,14 et 15 juillet en cours vise \u00e0 attirer l\u2019attention du minist\u00e8re de la Sant\u00e9 \u00e0 l\u2019injustice subie par les m\u00e9decins g\u00e9n\u00e9ralistes\u00bb, a-t-il dit.<\/span><\/p>\n<p class=\"p1 c6\"><span class=\"c3\">\u00ab En vertu de ce d\u00e9cret gouvernemental, le m\u00e9decin g\u00e9n\u00e9raliste ne peut ni prescrire des m\u00e9dicaments ni d\u00e9livrer des certificats m\u00e9dicaux sans avoir recours au m\u00e9decin de famille qui est consid\u00e9r\u00e9 comme \u00e9tant plus qualifi\u00e9 \u00ab, a-t-il pr\u00e9cis\u00e9.<\/span><\/p>\n<p class=\"p1 c6\"><span class=\"c3\">Par ailleurs, Ghozzi a signal\u00e9 que les m\u00e9decins g\u00e9n\u00e9ralistes de la sant\u00e9 publique sont soumis, ces jours-ci, \u00e0 une forte pression en raison de la hausse du nombre de malades notamment apr\u00e8s la fin de la relation contractuelle entre les m\u00e9decins lib\u00e9raux et la Caisse nationale d\u2019assurance maladie (CNAM).<\/span><\/p>\n<p class=\"p1 c6\"><span class=\"c3\">\u00ab Cette situation est difficile \u00e0 g\u00e9rer \u00e9tant donn\u00e9 que plusieurs assur\u00e9s sociaux ont eu recours aux \u00e9tablissements publics de sant\u00e9 qui souffrent d\u2019un manque important de m\u00e9decins g\u00e9n\u00e9ralistes apr\u00e8s le d\u00e9part \u00e0 la retraite ou \u00e0 l\u2019\u00e9tranger de bien d\u2019entre eux \u00ab, a-t-il expliqu\u00e9.<\/span><\/p>\n<p class=\"p2 c5\">\u00a0<\/p>\n<p class=\"p2 c7\">\u00a0<\/p>\n<p>Auteur: letemps1<br \/>\n<a href=\"http:\/\/www.letemps.com.tn\/article\/115646\/d%C3%A9brayage-aujourd%E2%80%99hui-dans-la-sant%C3%A9-publique\">Cliquez ici pour lire l&rsquo;article depuis sa source.<\/a><\/p>\n","protected":false},"excerpt":{"rendered":"<p>LE TEMPS \u2013 TAP Le syndicat g\u00e9n\u00e9ral des m\u00e9decins, m\u00e9decins-dentistes et pharmaciens hospitalo-universitaires a annonc\u00e9, hier, le maintien de la gr\u00e8ve pr\u00e9vue, aujourd\u2019hui, mercredi, apr\u00e8s l\u2019\u00e9chec de la s\u00e9ance de n\u00e9gociations qui s\u2019est poursuivie jusque tard dans la soir\u00e9e du lundi entre le syndicat et le ministre de la Sant\u00e9, Abdellatif Mekki, et celui de [&hellip;]<\/p>\n","protected":false},"author":1773,"featured_media":0,"comment_status":"closed","ping_status":"closed","sticky":false,"template":"","format":"standard","meta":{"fifu_image_url":"","fifu_image_alt":"","footnotes":""},"categories":[73,55],"tags":[],"class_list":["post-92425","post","type-post","status-publish","format-standard","hentry","category-actualite","category-tunisie"],"_links":{"self":[{"href":"https:\/\/linitiative.ca\/International\/wp-json\/wp\/v2\/posts\/92425","targetHints":{"allow":["GET"]}}],"collection":[{"href":"https:\/\/linitiative.ca\/International\/wp-json\/wp\/v2\/posts"}],"about":[{"href":"https:\/\/linitiative.ca\/International\/wp-json\/wp\/v2\/types\/post"}],"author":[{"embeddable":true,"href":"https:\/\/linitiative.ca\/International\/wp-json\/wp\/v2\/users\/1773"}],"replies":[{"embeddable":true,"href":"https:\/\/linitiative.ca\/International\/wp-json\/wp\/v2\/comments?post=92425"}],"version-history":[{"count":0,"href":"https:\/\/linitiative.ca\/International\/wp-json\/wp\/v2\/posts\/92425\/revisions"}],"wp:attachment":[{"href":"https:\/\/linitiative.ca\/International\/wp-json\/wp\/v2\/media?parent=92425"}],"wp:term":[{"taxonomy":"category","embeddable":true,"href":"https:\/\/linitiative.ca\/International\/wp-json\/wp\/v2\/categories?post=92425"},{"taxonomy":"post_tag","embeddable":true,"href":"https:\/\/linitiative.ca\/International\/wp-json\/wp\/v2\/tags?post=92425"}],"curies":[{"name":"wp","href":"https:\/\/api.w.org\/{rel}","templated":true}]}}