{"id":92430,"date":"2020-07-15T15:13:13","date_gmt":"2020-07-15T19:13:13","guid":{"rendered":"https:\/\/linitiative.ca\/International\/ligue-1-2-la-faf-decide-de-convoquer-une-agex-pour-trancher-lavenir-de-ses-competitions\/"},"modified":"2020-07-15T15:13:13","modified_gmt":"2020-07-15T19:13:13","slug":"ligue-1-2-la-faf-decide-de-convoquer-une-agex-pour-trancher-lavenir-de-ses-competitions","status":"publish","type":"post","link":"https:\/\/linitiative.ca\/International\/ligue-1-2-la-faf-decide-de-convoquer-une-agex-pour-trancher-lavenir-de-ses-competitions\/","title":{"rendered":"Ligue 1 &amp; 2 : La FAF d\u00e9cide de convoquer une AGEx pour trancher l&rsquo;avenir de ses comp\u00e9titions"},"content":{"rendered":"<div readability=\"32\">\n<p>Auteur : <span>APS<\/span> <span class=\"time\">mercredi 15 juillet 2020 15:23<\/span><\/p>\n<\/div>\n<div id=\"post_core\" readability=\"47\">\n<p>Le Bureau ex\u00e9cutif de la F\u00e9d\u00e9ration alg\u00e9rienne de football a d\u00e9cid\u00e9 mercredi de convoquer une Assembl\u00e9e g\u00e9n\u00e9rale extraordinaire (AGEx) pour se \u00ab\u00a0prononcer\u00a0\u00bb sur l&rsquo;avenir des comp\u00e9titions, suspendues depuis mars en raison de la pand\u00e9mie de nouveau coronavirus (Covid-19), a appris l&rsquo;APS aupr\u00e8s de l&rsquo;instance f\u00e9d\u00e9rale. R\u00e9unis au niveau du si\u00e8ge de la FAF \u00e0 Dely-Ibrahim (Alger) sous la pr\u00e9sidence de Khe\u00efreddine Zetchi, les membres du Bureau f\u00e9d\u00e9ral ont discut\u00e9 de deux propositions qui seront soumises plus tard \u00e0 l&rsquo;assembl\u00e9e g\u00e9n\u00e9rale dans le cas o\u00f9 cette derni\u00e8re viendrait \u00e0 valider l&rsquo;arr\u00eat d\u00e9finitif de la comp\u00e9tition. La premi\u00e8re consiste \u00e0 d\u00e9cr\u00e9ter une saison blanche sans d\u00e9clarer de champion, ni de promus ou de rel\u00e9gu\u00e9s, alors que la seconde est de recourir au classement arr\u00eat\u00e9 \u00e0 la 22e journ\u00e9e, quand la comp\u00e9tition a \u00e9t\u00e9 suspendue, pour d\u00e9cerner le titre au leader et d\u00e9signer les repr\u00e9sentants aux comp\u00e9titions internationales, en plus des promus et des rel\u00e9gu\u00e9s, pr\u00e9cise la m\u00eame source. Le minist\u00e8re de la Jeunesse et des Sports (MJS) avait d\u00e9cid\u00e9 de suspendre, depuis le 16 mars, l&rsquo;ensemble des activit\u00e9s et comp\u00e9titions sportives en raison de la pand\u00e9mie de Covid-19. Jeudi dernier, il a annonc\u00e9 ne pas autoriser \u00ab\u00a0pour le moment\u00a0\u00bb la reprise des comp\u00e9titions.<\/p>\n<p><strong>Publi\u00e9 dans :<\/strong> <span>faf<\/span><\/p>\n<\/div>\n<p>Auteur:<br \/>\n<a href=\"http:\/\/www.lebuteur.com\/article\/detail?titre=la-faf-decide-de-convoquer-une-agex-pour-trancher-lavenir-de-ses-competitions&#038;id=96594&#038;utm_source=feedburner&#038;utm_medium=feed&#038;utm_campaign=Feed%3A+GalerieFArtciles+%28Les+derniers+articles++-+lebuteur.com%29\">Cliquez ici pour lire l&rsquo;article depuis sa source.<\/a><\/p>\n","protected":false},"excerpt":{"rendered":"<p>Auteur : APS mercredi 15 juillet 2020 15:23 Le Bureau ex\u00e9cutif de la F\u00e9d\u00e9ration alg\u00e9rienne de football a d\u00e9cid\u00e9 mercredi de convoquer une Assembl\u00e9e g\u00e9n\u00e9rale extraordinaire (AGEx) pour se \u00ab\u00a0prononcer\u00a0\u00bb sur l&rsquo;avenir des comp\u00e9titions, suspendues depuis mars en raison de la pand\u00e9mie de nouveau coronavirus (Covid-19), a appris l&rsquo;APS aupr\u00e8s de l&rsquo;instance f\u00e9d\u00e9rale. R\u00e9unis au [&hellip;]<\/p>\n","protected":false},"author":1738,"featured_media":92431,"comment_status":"closed","ping_status":"closed","sticky":false,"template":"","format":"standard","meta":{"fifu_image_url":"","fifu_image_alt":"","footnotes":""},"categories":[53,75],"tags":[],"class_list":["post-92430","post","type-post","status-publish","format-standard","has-post-thumbnail","hentry","category-algerie","category-sport"],"_links":{"self":[{"href":"https:\/\/linitiative.ca\/International\/wp-json\/wp\/v2\/posts\/92430","targetHints":{"allow":["GET"]}}],"collection":[{"href":"https:\/\/linitiative.ca\/International\/wp-json\/wp\/v2\/posts"}],"about":[{"href":"https:\/\/linitiative.ca\/International\/wp-json\/wp\/v2\/types\/post"}],"author":[{"embeddable":true,"href":"https:\/\/linitiative.ca\/International\/wp-json\/wp\/v2\/users\/1738"}],"replies":[{"embeddable":true,"href":"https:\/\/linitiative.ca\/International\/wp-json\/wp\/v2\/comments?post=92430"}],"version-history":[{"count":0,"href":"https:\/\/linitiative.ca\/International\/wp-json\/wp\/v2\/posts\/92430\/revisions"}],"wp:featuredmedia":[{"embeddable":true,"href":"https:\/\/linitiative.ca\/International\/wp-json\/"}],"wp:attachment":[{"href":"https:\/\/linitiative.ca\/International\/wp-json\/wp\/v2\/media?parent=92430"}],"wp:term":[{"taxonomy":"category","embeddable":true,"href":"https:\/\/linitiative.ca\/International\/wp-json\/wp\/v2\/categories?post=92430"},{"taxonomy":"post_tag","embeddable":true,"href":"https:\/\/linitiative.ca\/International\/wp-json\/wp\/v2\/tags?post=92430"}],"curies":[{"name":"wp","href":"https:\/\/api.w.org\/{rel}","templated":true}]}}