{"id":92432,"date":"2020-07-15T15:13:15","date_gmt":"2020-07-15T19:13:15","guid":{"rendered":"https:\/\/linitiative.ca\/International\/pros-om-nimes-a-tente-slimani\/"},"modified":"2020-07-15T15:13:15","modified_gmt":"2020-07-15T19:13:15","slug":"pros-om-nimes-a-tente-slimani","status":"publish","type":"post","link":"https:\/\/linitiative.ca\/International\/pros-om-nimes-a-tente-slimani\/","title":{"rendered":"Pros : OM: N\u00eemes a tent\u00e9 Slimani !"},"content":{"rendered":"<div readability=\"32\">\n<p>Auteur : <span class=\"time\">mercredi 15 juillet 2020 15:42<\/span><\/p>\n<\/div>\n<div id=\"post_core\" readability=\"44\">\n<p>Auteur de 9 buts et 7 passes d\u00e9cisives en Ligue 1 la saison pass\u00e9e avec l\u2019AS Monaco, Islam Slimani (32 ans) n\u2019est pas pour autant rest\u00e9 sur le Rocher puisque les dirigeants mon\u00e9gasques ont d\u00e9cid\u00e9 de ne pas lever l\u2019option d\u2019achat pr\u00e9vue dans son pr\u00eat. Le buteur alg\u00e9rien est donc retourn\u00e9 \u00e0 Leicester, o\u00f9 son contrat court jusqu\u2019en juin 2021. Lundi, Foot Mercato r\u00e9v\u00e9lait que l\u2019OM se pencherait d\u00e9sormais sur le profil de Slimani pour renforcer le secteur offensif d\u2019Andr\u00e9 Villas-Boas. Mais qu\u2019en est-il vraiment ? Pour le moment, l\u2019OM n\u2019a rien tent\u00e9 de concret avec Islam Slimani, mais rien n\u2019est \u00e0 exclure pour la suite. La donn\u00e9e financi\u00e8re sera \u00e0 prendre en compte dans ce dossier \u00e9tant donn\u00e9 que le club phoc\u00e9en dispose de moyens tr\u00e8s limit\u00e9s pour son mercato estival, m\u00eame si Villas-Boas cherche effectivement un renfort offensif. Toutefois, selon Le 10 Sport, il n\u2019y a pas encore de contact concret entre l\u2019OM et le clan Slimani. En revanche, un autre club de Ligue 1 a r\u00e9cemment tent\u00e9 de recruter le buteur alg\u00e9rien de Leicester : il s\u2019agit du N\u00eemes Olympique. Mais l\u2019op\u00e9ration s\u2019av\u00e8re finalement impossible \u00e0 boucler sur le plan financier pour les Crocos\u2026<\/p>\n<p><strong>Publi\u00e9 dans :<\/strong> <span>slimani<\/span><\/p>\n<\/div>\n<p>Auteur:<br \/>\n<a href=\"http:\/\/www.lebuteur.com\/article\/detail?titre=om-nimes-a-tente-slimani&#038;id=96595&#038;utm_source=feedburner&#038;utm_medium=feed&#038;utm_campaign=Feed%3A+GalerieFArtciles+%28Les+derniers+articles++-+lebuteur.com%29\">Cliquez ici pour lire l&rsquo;article depuis sa source.<\/a><\/p>\n","protected":false},"excerpt":{"rendered":"<p>Auteur : mercredi 15 juillet 2020 15:42 Auteur de 9 buts et 7 passes d\u00e9cisives en Ligue 1 la saison pass\u00e9e avec l\u2019AS Monaco, Islam Slimani (32 ans) n\u2019est pas pour autant rest\u00e9 sur le Rocher puisque les dirigeants mon\u00e9gasques ont d\u00e9cid\u00e9 de ne pas lever l\u2019option d\u2019achat pr\u00e9vue dans son pr\u00eat. Le buteur alg\u00e9rien [&hellip;]<\/p>\n","protected":false},"author":1738,"featured_media":92433,"comment_status":"closed","ping_status":"closed","sticky":false,"template":"","format":"standard","meta":{"fifu_image_url":"","fifu_image_alt":"","footnotes":""},"categories":[53,75],"tags":[],"class_list":["post-92432","post","type-post","status-publish","format-standard","has-post-thumbnail","hentry","category-algerie","category-sport"],"_links":{"self":[{"href":"https:\/\/linitiative.ca\/International\/wp-json\/wp\/v2\/posts\/92432","targetHints":{"allow":["GET"]}}],"collection":[{"href":"https:\/\/linitiative.ca\/International\/wp-json\/wp\/v2\/posts"}],"about":[{"href":"https:\/\/linitiative.ca\/International\/wp-json\/wp\/v2\/types\/post"}],"author":[{"embeddable":true,"href":"https:\/\/linitiative.ca\/International\/wp-json\/wp\/v2\/users\/1738"}],"replies":[{"embeddable":true,"href":"https:\/\/linitiative.ca\/International\/wp-json\/wp\/v2\/comments?post=92432"}],"version-history":[{"count":0,"href":"https:\/\/linitiative.ca\/International\/wp-json\/wp\/v2\/posts\/92432\/revisions"}],"wp:featuredmedia":[{"embeddable":true,"href":"https:\/\/linitiative.ca\/International\/wp-json\/"}],"wp:attachment":[{"href":"https:\/\/linitiative.ca\/International\/wp-json\/wp\/v2\/media?parent=92432"}],"wp:term":[{"taxonomy":"category","embeddable":true,"href":"https:\/\/linitiative.ca\/International\/wp-json\/wp\/v2\/categories?post=92432"},{"taxonomy":"post_tag","embeddable":true,"href":"https:\/\/linitiative.ca\/International\/wp-json\/wp\/v2\/tags?post=92432"}],"curies":[{"name":"wp","href":"https:\/\/api.w.org\/{rel}","templated":true}]}}