{"id":92444,"date":"2020-07-15T10:52:08","date_gmt":"2020-07-15T14:52:08","guid":{"rendered":"https:\/\/linitiative.ca\/International\/107444-football-faf-convocation-d-une-agex-reactions-des-clubs\/"},"modified":"2020-07-15T10:52:08","modified_gmt":"2020-07-15T14:52:08","slug":"107444-football-faf-convocation-d-une-agex-reactions-des-clubs","status":"publish","type":"post","link":"https:\/\/linitiative.ca\/International\/107444-football-faf-convocation-d-une-agex-reactions-des-clubs\/","title":{"rendered":"Football \/ FAF &#8211; Convocation d&rsquo;une AGEx : r\u00e9actions des clubs"},"content":{"rendered":"<div readability=\"37\">\n<p><strong>ALGER &#8211; R\u00e9actions recueillies par l&rsquo;APS de certains responsables de club, \u00e0 l&rsquo;issue de la d\u00e9cision prise mercredi par le Bureau ex\u00e9cutif de la F\u00e9d\u00e9ration alg\u00e9rienne de football (FAF) de convoquer une Assembl\u00e9e g\u00e9n\u00e9rale extraordinaire (AGEx) pour se prononcer sur l&rsquo;avenir des comp\u00e9titions, suspendues depuis le 16 mars en raison de la pand\u00e9mie de nouveau coronavirus (Covid-19) :<\/strong><\/p>\n<\/div>\n<div readability=\"80\">\n<p><strong>&#8211; Taoufik Kourichi<\/strong> (directeur du p\u00f4le comp\u00e9titif et porte-parole du CR Belouizdad\/Leader) : \u00ab\u00a0Nous sommes toujours dans le flou. Il s&rsquo;agit d&rsquo;une d\u00e9cision qui fait durer le suspense. J&rsquo;aurais aim\u00e9 que le Bureau f\u00e9d\u00e9ral d\u00e9cide de mettre un terme d\u00e9finitif \u00e0 la saison, d&rsquo;autant qu&rsquo;il a les pr\u00e9rogatives, selon l&rsquo;article 82 des statuts, nous sommes devant un cas de jurisprudence. Il y a aussi l&rsquo;article 29 des statuts, relatif \u00e0 la convocation d&rsquo;une AGEx, cette derni\u00e8re ne pourra en aucun cas trancher l&rsquo;avenir du championnat. Pour gagner du temps, l&rsquo;id\u00e9al aurait \u00e9t\u00e9 d&rsquo;arr\u00eater la saison et de convoquer une AGEx qui se prononcera sur la suite \u00e0 donner.<\/p>\n<p>Nous n&rsquo;avons aucune visibilit\u00e9 par rapport \u00e0 l&rsquo;actuel exercice, ou bien la saison prochaine. Soyons objectifs, le nombre de cas de Covid-19 ne cesse d&rsquo;augmenter, le danger demeure toujours pr\u00e9sent et le sera pour longtemps. Impossible de reprendre dans de telles conditions, c&rsquo;est vraiment compliqu\u00e9. Malheureusement, nous sommes en train de tourner en rond\u00a0\u00bb.<\/p>\n<p><strong>&#8211; Abdenacer Almas<\/strong> (pr\u00e9sident du Conseil d&rsquo;administration du MC Alger\/3e) :<\/p>\n<p>\u00ab\u00a0Je pense que le Bureau f\u00e9d\u00e9ral de la FAF a opt\u00e9 pour la sagesse en prenant cette d\u00e9cision qui traduit sa volont\u00e9 de faire participer la partie prenante pour trancher une fois pour toute l&rsquo;avenir du championnat.<\/p>\n<p>L&rsquo;assembl\u00e9e g\u00e9n\u00e9rale est souveraine. Nous respecterons la d\u00e9cision qui sera prise \u00e0 l&rsquo;issue de cette AGEx. Tout le monde veut \u00eatre fix\u00e9 sur le sort qui sera r\u00e9serv\u00e9 au championnat, le suspense n&rsquo;a que trop dur\u00e9\u00a0\u00bb.<\/p>\n<p><strong>&#8211; Azzedine Arab<\/strong> (pr\u00e9sident du Conseil d&rsquo;administration de l&rsquo;ES S\u00e9tif\/2e) :<\/p>\n<p>\u00ab\u00a0C&rsquo;est un sc\u00e9nario que nous avons redout\u00e9. Nous sommes dans une situation assez compliqu\u00e9e. La FAF aurait d\u00fb assumer ses responsabilit\u00e9s. Le flou persiste toujours et la d\u00e9cision du Bureau f\u00e9d\u00e9ral nous fait revenir \u00e0 la case d\u00e9part. L&rsquo;interdiction des rassemblements est toujours en vigueur, ce qui pourrait retarder la tenue de l&rsquo;AGEx\u00a0\u00bb.<\/p>\n<p><strong>&#8211; Azzedine Bennacer<\/strong> (pr\u00e9sident du NC Magra\/Dernier) : \u00ab\u00a0C&rsquo;\u00e9tait une d\u00e9cision pr\u00e9visible. La FAF ne veut pas assumer ses responsabilit\u00e9s. En recourant \u00e0 l&rsquo;AG, elle s&rsquo;en lave les mains. Nous avons perdu assez de temps, il fallait prendre la d\u00e9cision de convoquer une AGEx plus t\u00f4t, en juin dernier par exemple. Je pense qu&rsquo;il n&rsquo;y aura pas de rel\u00e9gation, tout en d\u00e9cidant de faire acc\u00e9der les quatre premiers de la Ligue 2 pour former une Ligue 1 \u00e0 20 clubs et satisfaire tout le monde. Il reste \u00e0 trancher la question du titre, l&rsquo;octroyer ou non au CR Belouizdad. Le dernier mot reviendra \u00e0 l&rsquo;AG\u00a0\u00bb.<\/p>\n<\/div>\n<p>Auteur:<br \/>\n<a href=\"http:\/\/www.aps.dz\/sport\/107444-football-faf-convocation-d-une-agex-reactions-des-clubs?utm_source=feedburner&#038;utm_medium=feed&#038;utm_campaign=Feed%3A+aps-sport+%28APS+-+SPORT%29\">Cliquez ici pour lire l&rsquo;article depuis sa source.<\/a><\/p>\n","protected":false},"excerpt":{"rendered":"<p>ALGER &#8211; R\u00e9actions recueillies par l&rsquo;APS de certains responsables de club, \u00e0 l&rsquo;issue de la d\u00e9cision prise mercredi par le Bureau ex\u00e9cutif de la F\u00e9d\u00e9ration alg\u00e9rienne de football (FAF) de convoquer une Assembl\u00e9e g\u00e9n\u00e9rale extraordinaire (AGEx) pour se prononcer sur l&rsquo;avenir des comp\u00e9titions, suspendues depuis le 16 mars en raison de la pand\u00e9mie de nouveau [&hellip;]<\/p>\n","protected":false},"author":1790,"featured_media":0,"comment_status":"closed","ping_status":"closed","sticky":false,"template":"","format":"standard","meta":{"fifu_image_url":"","fifu_image_alt":"","footnotes":""},"categories":[53,75],"tags":[],"class_list":["post-92444","post","type-post","status-publish","format-standard","hentry","category-algerie","category-sport"],"_links":{"self":[{"href":"https:\/\/linitiative.ca\/International\/wp-json\/wp\/v2\/posts\/92444","targetHints":{"allow":["GET"]}}],"collection":[{"href":"https:\/\/linitiative.ca\/International\/wp-json\/wp\/v2\/posts"}],"about":[{"href":"https:\/\/linitiative.ca\/International\/wp-json\/wp\/v2\/types\/post"}],"author":[{"embeddable":true,"href":"https:\/\/linitiative.ca\/International\/wp-json\/wp\/v2\/users\/1790"}],"replies":[{"embeddable":true,"href":"https:\/\/linitiative.ca\/International\/wp-json\/wp\/v2\/comments?post=92444"}],"version-history":[{"count":0,"href":"https:\/\/linitiative.ca\/International\/wp-json\/wp\/v2\/posts\/92444\/revisions"}],"wp:attachment":[{"href":"https:\/\/linitiative.ca\/International\/wp-json\/wp\/v2\/media?parent=92444"}],"wp:term":[{"taxonomy":"category","embeddable":true,"href":"https:\/\/linitiative.ca\/International\/wp-json\/wp\/v2\/categories?post=92444"},{"taxonomy":"post_tag","embeddable":true,"href":"https:\/\/linitiative.ca\/International\/wp-json\/wp\/v2\/tags?post=92444"}],"curies":[{"name":"wp","href":"https:\/\/api.w.org\/{rel}","templated":true}]}}