{"id":92446,"date":"2020-07-15T11:39:00","date_gmt":"2020-07-15T15:39:00","guid":{"rendered":"https:\/\/linitiative.ca\/International\/agressions-contre-le-personnel-medical-le-president-tebboune-demande-une-loi\/"},"modified":"2020-07-15T11:39:00","modified_gmt":"2020-07-15T15:39:00","slug":"agressions-contre-le-personnel-medical-le-president-tebboune-demande-une-loi","status":"publish","type":"post","link":"https:\/\/linitiative.ca\/International\/agressions-contre-le-personnel-medical-le-president-tebboune-demande-une-loi\/","title":{"rendered":"AGRESSIONS CONTRE LE PERSONNEL MEDICAL  : Le pr\u00e9sident Tebboune demande une loi"},"content":{"rendered":"<p><br id=\"sep_para_1\" class=\"sep_para access\"\/><\/p>\n<div id=\"para_1\" class=\"para_37908381 resize\">\n<div class=\"photo shadow left\"><a href=\"javascript:void(0)\" rel=\"https:\/\/www.reflexiondz.net\/photo\/art\/grande\/48193795-37908381.jpg?v=1594828915&amp;ibox\" title=\"AGRESSIONS CONTRE LE PERSONNEL MEDICAL : Le pr\u00e9sident Tebboune demande une loi\"><img decoding=\"async\" class=\"responsive c9\" src=\"https:\/\/www.reflexiondz.net\/photo\/art\/grande\/48193795-37908381.jpg?v=1594828915\" alt=\"AGRESSIONS CONTRE LE PERSONNEL MEDICAL : Le pr\u00e9sident Tebboune demande une loi\" title=\"AGRESSIONS CONTRE LE PERSONNEL MEDICAL : Le pr\u00e9sident Tebboune demande une loi\"\/><img decoding=\"async\" class=\"not-responsive\" src=\"https:\/\/www.reflexiondz.net\/photo\/art\/default\/48193795-37908381.jpg?v=1594828916\" alt=\"AGRESSIONS CONTRE LE PERSONNEL MEDICAL : Le pr\u00e9sident Tebboune demande une loi\" title=\"AGRESSIONS CONTRE LE PERSONNEL MEDICAL : Le pr\u00e9sident Tebboune demande une loi\"\/><\/a><\/div>\n<div class=\"texte access firstletter\">Selon un communiqu\u00e9 des services du Premier ministre, M. Tebboune a demand\u00e9 l\u2019\u00e9laboration d\u2019un texte de loi visant \u00e0 prot\u00e9ger le personnel de la sant\u00e9 de toute agression lors de l\u2019exercice de leurs fonctions. \u00ab Monsieur le pr\u00e9sident de la R\u00e9publique a d\u00e9cid\u00e9 de consolider et de renforcer, par un texte de loi, le dispositif de protection de tout le personnel m\u00e9dical, param\u00e9dical et administratif, en sus de celle d\u00e9j\u00e0 consacr\u00e9e par les lois de la R\u00e9publique \u00bb, a indiqu\u00e9 le communiqu\u00e9. \u00ab Ce dispositif vise \u00e0 pr\u00e9munir le corps m\u00e9dical de toute agression ou violence, qu\u2019elle qu\u2019en soit sa forme, le moyen ou l\u2019auteur, dans l\u2019enceinte des h\u00f4pitaux et autres structures et \u00e9tablissements sanitaires \u00e0 travers tout le territoire national, pendant l\u2019exercice de leur noble mission au service de la nation \u00bb, a ajout\u00e9 la m\u00eame source. La d\u00e9cision du chef de l\u2019Etat intervient quelques heures apr\u00e8s la tentative d\u2019agression du directeur de l\u2019h\u00f4pital de Bouira. Le cas dramatique du directeur de l\u2019h\u00f4pital de Bouira, qui s\u2019est jet\u00e9 mardi\u00a0 du troisi\u00e8me \u00e9tage de l&rsquo;\u00e9tablissement\u00a0 pour \u00e9chapper \u00e0 un lynchage en r\u00e8gle de la part des membres d\u2019une famille venue r\u00e9cup\u00e9rer la d\u00e9pouille d\u2019un mort avant les examens pr\u00e9alables\u00a0 pour savoir s\u2019il est mort de mort naturelle ou de la Covid-19 a jet\u00e9 le trouble profond\u00a0 dans l\u2019opinion. En effet,\u00a0 ce drame impensable, a pouss\u00e9 le ministre de la Justice \u00e0 faire montre d\u2019une grande r\u00e9activit\u00e9\u00a0 instantan\u00e9e en adressant le jour m\u00eame (mardi) une instruction \u00e0 l\u2019ensemble des procureurs de la R\u00e9publique, leur ordonnant de \u00ab faire preuve d\u2019une rigueur intransigeante qu\u2019exige les circonstances sanitaires actuelles que traverse notre pays, face au ph\u00e9nom\u00e8ne des agressions dont sont victimes les personnels de sant\u00e9 et les responsables des structures hospitali\u00e8res \u00bb Le Garde des sceaux exige la mise en branle de proc\u00e9dures exceptionnelles, avec arrestation et comparution imm\u00e9diate des auteurs des agressions, demandant aussi\u00a0 au procureur de requ\u00e9rir des peines s\u00e9v\u00e8res et de faire \u00e9ventuellement appel, si le jugement rendu,\u00a0 ne r\u00e9pond pas au besoin d\u2019exemplarit\u00e9.\u00a0 Pour rappel, le directeur de l\u2019h\u00f4pital de Bouira, Djamel Boutmeur, a \u00e9chapp\u00e9 miraculeusement \u00e0 la mort, mais souffre de plusieurs fractures au niveau des membres inf\u00e9rieurs, selon un communiqu\u00e9 de la Direction de la Sant\u00e9 de\u00a0\u00a0 Bouira. Suite \u00e0 cet incident, et \u00ab d\u2019autres de ce genre \u00bb, la DSP de Bouira \u00ab condamne fermement ces agissements irresponsables de recours \u00e0 la violence \u00bb. Comme elle d\u00e9nonce plusieurs autres d\u00e9passements verbaux et physiques contre le personnel m\u00e9dical et administratif de cette structure hospitali\u00e8re.<\/div>\n<\/div>\n<p>Auteur: Ismain<br \/>\n<a href=\"https:\/\/www.reflexiondz.net\/AGRESSIONS-CONTRE-LE-PERSONNEL-MEDICAL-Le-president-Tebboune-demande-une-loi_a64026.html\">Cliquez ici pour lire l&rsquo;article depuis sa source.<\/a><\/p>\n","protected":false},"excerpt":{"rendered":"<p>Selon un communiqu\u00e9 des services du Premier ministre, M. Tebboune a demand\u00e9 l\u2019\u00e9laboration d\u2019un texte de loi visant \u00e0 prot\u00e9ger le personnel de la sant\u00e9 de toute agression lors de l\u2019exercice de leurs fonctions. \u00ab Monsieur le pr\u00e9sident de la R\u00e9publique a d\u00e9cid\u00e9 de consolider et de renforcer, par un texte de loi, le dispositif [&hellip;]<\/p>\n","protected":false},"author":1740,"featured_media":0,"comment_status":"closed","ping_status":"closed","sticky":false,"template":"","format":"standard","meta":{"fifu_image_url":"","fifu_image_alt":"","footnotes":""},"categories":[53,76],"tags":[],"class_list":["post-92446","post","type-post","status-publish","format-standard","hentry","category-algerie","category-regions"],"_links":{"self":[{"href":"https:\/\/linitiative.ca\/International\/wp-json\/wp\/v2\/posts\/92446","targetHints":{"allow":["GET"]}}],"collection":[{"href":"https:\/\/linitiative.ca\/International\/wp-json\/wp\/v2\/posts"}],"about":[{"href":"https:\/\/linitiative.ca\/International\/wp-json\/wp\/v2\/types\/post"}],"author":[{"embeddable":true,"href":"https:\/\/linitiative.ca\/International\/wp-json\/wp\/v2\/users\/1740"}],"replies":[{"embeddable":true,"href":"https:\/\/linitiative.ca\/International\/wp-json\/wp\/v2\/comments?post=92446"}],"version-history":[{"count":0,"href":"https:\/\/linitiative.ca\/International\/wp-json\/wp\/v2\/posts\/92446\/revisions"}],"wp:attachment":[{"href":"https:\/\/linitiative.ca\/International\/wp-json\/wp\/v2\/media?parent=92446"}],"wp:term":[{"taxonomy":"category","embeddable":true,"href":"https:\/\/linitiative.ca\/International\/wp-json\/wp\/v2\/categories?post=92446"},{"taxonomy":"post_tag","embeddable":true,"href":"https:\/\/linitiative.ca\/International\/wp-json\/wp\/v2\/tags?post=92446"}],"curies":[{"name":"wp","href":"https:\/\/api.w.org\/{rel}","templated":true}]}}