{"id":92463,"date":"2020-07-15T06:00:00","date_gmt":"2020-07-15T10:00:00","guid":{"rendered":"https:\/\/linitiative.ca\/International\/nouvelle-offensive-de-seat\/"},"modified":"2020-07-15T06:00:00","modified_gmt":"2020-07-15T10:00:00","slug":"nouvelle-offensive-de-seat","status":"publish","type":"post","link":"https:\/\/linitiative.ca\/International\/nouvelle-offensive-de-seat\/","title":{"rendered":"Nouvelle offensive de Seat"},"content":{"rendered":"<p>5 milliards d&rsquo;euros pour s&rsquo;\u00e9lectrifier. Le constructeur espagnol a annonc\u00e9 son intention d&rsquo;investir 5 milliards d&rsquo;euros d&rsquo;ici 2025 afin de largement \u00e9lectrifier sa gamme. Cette somme, qui fait partie des 60 milliards d&rsquo;euros promis par le groupe Volkswagen en novembre 2019 pour l&rsquo;\u00e9lectrification et la voiture connect\u00e9e, sera non seulement consacr\u00e9e \u00ab\u00e0 la mise en place de nouveaux projets de R&amp;D, et notamment \u00e0 l&rsquo;\u00e9lectrification de la gamme, mais aussi aux \u00e9quipements et aux installations des usines de Martorell, de Barcelone et de Componentes\u00bb, a pr\u00e9cis\u00e9 Seat dans un communiqu\u00e9.<br \/>\u00abCe plan est notre fa\u00e7on d\u2019aborder l\u2019avenir avec d\u00e9termination et optimisme pour devenir une entreprise plus forte, innovante et efficace\u00bb, a d\u00e9clar\u00e9 Carsten Isensee, pr\u00e9sident de Seat. \u00abNotre intention est que Martorell fabrique des voitures \u00e9lectriques \u00e0 partir de 2025, lorsque le march\u00e9 des v\u00e9hicules \u00e9lectriques aura d\u00e9coll\u00e9.\u00bb<br \/>Le dirigeant a \u00e9galement profit\u00e9 de cette annonce pour demander la \u00abcollaboration des collectivit\u00e9s centrales, r\u00e9gionales et locales\u00bb. \u00abNotre r\u00f4le est d\u2019\u00eatre leader de la transformation de l&rsquo;industrie automobile en Espagne, mais\u00a0 nous n&rsquo;y parviendrons pas seuls\u00bb, a-t-il indiqu\u00e9.<br \/>\u00abPour \u00e9lectrifier l&rsquo;Espagne nous avons besoin d&rsquo;un plus gros volume d&rsquo;infrastructures de rechargement, en d&rsquo;autres termes nous avons besoin de stimuler les ventes de voitures \u00e9lectriques\u00bb.<br \/>Mi-juin, le gouvernement espagnol a pr\u00e9sent\u00e9 un plan de soutien \u00e0 la fili\u00e8re automobile de 3,75 milliards d&rsquo;euros, qui comprend notamment des aides \u00e0 l&rsquo;achat de v\u00e9hicules \u00e9lectriques.<\/p>\n<p>Auteur:<br \/>\n<a href=\"https:\/\/www.lesoirdalgerie.com\/le-soir-auto\/nouvelle-offensive-de-seat-45116\">Cliquez ici pour lire l&rsquo;article depuis sa source.<\/a><\/p>\n","protected":false},"excerpt":{"rendered":"<p>5 milliards d&rsquo;euros pour s&rsquo;\u00e9lectrifier. Le constructeur espagnol a annonc\u00e9 son intention d&rsquo;investir 5 milliards d&rsquo;euros d&rsquo;ici 2025 afin de largement \u00e9lectrifier sa gamme. Cette somme, qui fait partie des 60 milliards d&rsquo;euros promis par le groupe Volkswagen en novembre 2019 pour l&rsquo;\u00e9lectrification et la voiture connect\u00e9e, sera non seulement consacr\u00e9e \u00ab\u00e0 la mise en [&hellip;]<\/p>\n","protected":false},"author":1741,"featured_media":0,"comment_status":"closed","ping_status":"closed","sticky":false,"template":"","format":"standard","meta":{"fifu_image_url":"","fifu_image_alt":"","footnotes":""},"categories":[73,53],"tags":[],"class_list":["post-92463","post","type-post","status-publish","format-standard","hentry","category-actualite","category-algerie"],"_links":{"self":[{"href":"https:\/\/linitiative.ca\/International\/wp-json\/wp\/v2\/posts\/92463","targetHints":{"allow":["GET"]}}],"collection":[{"href":"https:\/\/linitiative.ca\/International\/wp-json\/wp\/v2\/posts"}],"about":[{"href":"https:\/\/linitiative.ca\/International\/wp-json\/wp\/v2\/types\/post"}],"author":[{"embeddable":true,"href":"https:\/\/linitiative.ca\/International\/wp-json\/wp\/v2\/users\/1741"}],"replies":[{"embeddable":true,"href":"https:\/\/linitiative.ca\/International\/wp-json\/wp\/v2\/comments?post=92463"}],"version-history":[{"count":0,"href":"https:\/\/linitiative.ca\/International\/wp-json\/wp\/v2\/posts\/92463\/revisions"}],"wp:attachment":[{"href":"https:\/\/linitiative.ca\/International\/wp-json\/wp\/v2\/media?parent=92463"}],"wp:term":[{"taxonomy":"category","embeddable":true,"href":"https:\/\/linitiative.ca\/International\/wp-json\/wp\/v2\/categories?post=92463"},{"taxonomy":"post_tag","embeddable":true,"href":"https:\/\/linitiative.ca\/International\/wp-json\/wp\/v2\/tags?post=92463"}],"curies":[{"name":"wp","href":"https:\/\/api.w.org\/{rel}","templated":true}]}}