{"id":92468,"date":"2020-07-15T11:30:37","date_gmt":"2020-07-15T15:30:37","guid":{"rendered":"https:\/\/linitiative.ca\/International\/concurrence-driss-guerraoui-veut-une-egalite-des-chances-entre-les-entreprises\/"},"modified":"2020-07-15T11:30:37","modified_gmt":"2020-07-15T15:30:37","slug":"concurrence-driss-guerraoui-veut-une-egalite-des-chances-entre-les-entreprises","status":"publish","type":"post","link":"https:\/\/linitiative.ca\/International\/concurrence-driss-guerraoui-veut-une-egalite-des-chances-entre-les-entreprises\/","title":{"rendered":"Concurrence : Driss Guerraoui veut une \u00ab \u00e9galit\u00e9 des chances \u00bb entre les entreprises"},"content":{"rendered":"<p><strong>Le Conseil de la concurrence veut instaurer une \u00e9galit\u00e9 des chances entre les entreprises en mati\u00e8re de concurrence au Maroc. Pour ce faire, plusieurs chantiers sont pr\u00e9vus par l\u2019institution pr\u00e9sid\u00e9e par Driss Guerraoui. Les d\u00e9tails.<\/strong><\/p>\n<div class=\"c10\"\/>\n<p>Le <strong>Conseil de la concurrence<\/strong>, qu\u2019il pr\u00e9side, veut mettre les bouch\u00e9es doubles pour doter le march\u00e9 national d\u2019un cadre de la concurrence aux normes internationales. Dans ce sens, l\u2019institution estime dans son rapport d\u2019activit\u00e9 2019, r\u00e9cemment rendu public, qu\u2019il est n\u00e9cessaire de construire un \u00e9cosyst\u00e8me national int\u00e9gr\u00e9 de la concurrence comme levier futur du <strong>Nouveau Mod\u00e8le de D\u00e9veloppement<\/strong> (en cours d\u2019\u00e9laboration). \u00ab\u00a0La lutte contre les rentes, les abus de position dominante, les monopoles, les effets n\u00e9gatifs des <strong>concentrations \u00e9conomiques<\/strong> et la collusion entre le monde des affaires et la sph\u00e8re politique exigent la construction d\u2019un v\u00e9ritable \u00e9cosyst\u00e8me national int\u00e9gr\u00e9 de la concurrence, en tant que cadre concert\u00e9 fond\u00e9 sur la compl\u00e9mentarit\u00e9 institutionnelle, l\u2019interd\u00e9pendance des missions et la convergence des objectifs dans lequel tous les acteurs et toutes les institutions concern\u00e9s doivent interagir\u00a0\u00bb, indique le rapport.<\/p>\n<p><strong>Lire aussi|<\/strong> <a href=\"https:\/\/www.challenge.ma\/hausse-des-droits-de-douane-ce-quen-disent-les-operateurs-148989\/\"><strong>Hausse des droits de douane sur les produits d\u2019importation : ce qu\u2019en pensent les op\u00e9rateurs<\/strong><\/a><\/p>\n<p>Selon le Conseil, cet \u00e9cosyst\u00e8me doit \u00eatre construit autour de la notion de responsabilit\u00e9 \u00e9conomique partag\u00e9e. Pour r\u00e9ussir cette mission, l\u2019institution de Driss Guerraoui entend mettre en \u0153uvre plusieurs actions. Il s\u2019agit, entre autres, de consacrer, par l\u2019application stricte de la loi, \u00ab\u00a0l\u2019\u00e9galit\u00e9 des chances, et l\u2019\u00e9galit\u00e9 tout court, entre les entreprises, les consommateurs et les territoires devant l\u2019acte \u00e9conomique\u00a0\u00bb, de \u00ab\u00a0d\u00e9barrasser l\u2019<strong>\u00e9conomie nationale<\/strong>, par la supr\u00e9matie de la loi, des comportements de rente, d\u2019abus de position dominante, de monopoles, des effets n\u00e9gatifs des concentrations \u00e9conomiques et de la collusion entre la politique et les affaires\u00a0\u00bb, de \u00ab\u00a0prot\u00e9ger, par la loi, les consommateurs et les segments faibles des march\u00e9s contre les comportements de pr\u00e9dation et d\u2019ententes illicites\u00a0\u00bb.<\/p>\n<p>Il est aussi question de \u00ab\u00a0contribuer \u00e0 <strong>lever les barri\u00e8res<\/strong> \u00e0 l\u2019entr\u00e9e dans les march\u00e9s, en sanctionnant les soci\u00e9t\u00e9s mises en cause et en menant un plaidoyer \u00e0 la faveur de la suppression des passe-droits et des privil\u00e8ges que constituent l\u2019octroi des agr\u00e9ments et des concessions, dans tous les secteurs de l\u2019activit\u00e9 \u00e9conomique, tout en les soumettant \u00e0 de nouvelles r\u00e8gles qui garantissent l\u2019\u00e9galit\u00e9, l\u2019\u00e9quit\u00e9, la transparence et la concurrence juste et loyale\u00a0\u00bb. Le Conseil de la concurrence insiste sur le renforcement du contr\u00f4le du comportement des entreprises par la lutte contre les ententes, les abus de position dominante et de <strong>d\u00e9pendance \u00e9conomique<\/strong>, ainsi que sur l\u2019instauration, en concertation avec les f\u00e9d\u00e9rations sectorielles, d\u2019une culture de la responsabilit\u00e9 \u00e9conomique des entreprises en suscitant aupr\u00e8s d\u2019elles l\u2019\u00e9laboration de codes de bonne conduite. En ce qui concerne les autres chantiers prioritaires \u00e0 mener par le Conseil, on note l\u2019\u00e9laboration d\u2019un Barom\u00e8tre National de la Concurrence, \u00ab\u00a0fond\u00e9 sur un r\u00e9f\u00e9rentiel port\u00e9 par un guide construit \u00e0 partir d\u2019indicateurs objectifs mesurables\u00a0\u00bb.<\/p>\n<p><strong>Lire aussi|<\/strong> <a href=\"https:\/\/www.challenge.ma\/le-projet-de-loi-de-finances-rectificative-adopte-par-la-chambre-des-representants-148946\/\"><strong>Le projet de loi de finances rectificative adopt\u00e9 par la Chambre des repr\u00e9sentants<\/strong><\/a><\/p>\n<p>L\u2019objectif de ce barom\u00e8tre est de permettre \u00e0 l\u2019institution de suivre l\u2019\u00e9tat et l\u2019\u00e9volution de la concurrence dans les secteurs et les march\u00e9s prioritaires du point de vue des <strong>objectifs strat\u00e9giques<\/strong> du Conseil en mati\u00e8re d\u2019am\u00e9lioration de la concurrence au sein de l\u2019\u00e9conomie nationale. Le deuxi\u00e8me chantier porte sur la r\u00e9alisation d\u2019un sondage d\u2019opinion, chaque ann\u00e9e, pour, entre autres, \u00e9valuer la perception qu\u2019ont les acteurs et les institutions qui saisissent le Conseil. Il sera aussi question de cr\u00e9er un Observatoire de la veille \u00e9conomique, concurrentielle et juridique pour permettre au Conseil de disposer d\u2019un syst\u00e8me int\u00e9gr\u00e9 d\u2019information. Et enfin, le Conseil entend d\u00e9ployer une strat\u00e9gie de communication, \u00e0 la fois de masse et de proximit\u00e9, en direction des citoyens, des entreprises et des territoires en vue de sensibiliser toutes les composantes de la <strong>collectivit\u00e9 nationale<\/strong> sur l\u2019importance des questions de la concurrence dans le d\u00e9veloppement du royaume.<\/p>\n<div class=\"vw-sticky-sidebar-wrapper vw-sticky-sidebar widget_text awac-wrapper widget_text awac widget custom_html-4 textwidget custom-html-widget\">\n<p class=\"has-background c12\"><span class=\"widget-title c11\">Tribune et D\u00e9bats<\/span><\/p>\n<p>La tribune qui vous parle d\u2019une actu, d\u2019un sujet qui fait d\u00e9bat, les traitent et les analysent. \u00c9conomistes et autres experts, patrons d\u2019entreprises, d\u00e9cideurs, acteurs de la soci\u00e9t\u00e9 civile, s\u2019y prononcent et contribuent \u00e0 sa grande richesse. Vous avez votre opinion, convergente ou diff\u00e9rente. Exprimez-la et mesurez-vous ainsi \u00e0 nos tribuns et d\u00e9batteurs.<\/p>\n<p>Envoyez vos analyses \u00e0 : <a href=\"\/cdn-cgi\/l\/email-protection#b2d1dddcc6d3d1c6f2d1dad3deded7dcd5d79cdfd3\"><span class=\"__cf_email__\" data-cfemail=\"ea8985849e8b899eaa89828b86868f848d8fc4878b\">[email\u00a0protected]<\/span><\/a>, en pr\u00e9cisant votre nom, votre pr\u00e9nom et votre m\u00e9tier.<\/p>\n<\/div>\n<p>Auteur: challenge<br \/>\n<a href=\"https:\/\/www.challenge.ma\/concurrence-guerraoui-veut-une-egalite-des-chances-entre-les-entreprises-149300\/\">Cliquez ici pour lire l&rsquo;article depuis sa source.<\/a><\/p>\n","protected":false},"excerpt":{"rendered":"<p>Le Conseil de la concurrence veut instaurer une \u00e9galit\u00e9 des chances entre les entreprises en mati\u00e8re de concurrence au Maroc. Pour ce faire, plusieurs chantiers sont pr\u00e9vus par l\u2019institution pr\u00e9sid\u00e9e par Driss Guerraoui. Les d\u00e9tails. Le Conseil de la concurrence, qu\u2019il pr\u00e9side, veut mettre les bouch\u00e9es doubles pour doter le march\u00e9 national d\u2019un cadre de [&hellip;]<\/p>\n","protected":false},"author":1787,"featured_media":0,"comment_status":"closed","ping_status":"closed","sticky":false,"template":"","format":"standard","meta":{"fifu_image_url":"","fifu_image_alt":"","footnotes":""},"categories":[78,54],"tags":[],"class_list":["post-92468","post","type-post","status-publish","format-standard","hentry","category-economie","category-maroc"],"_links":{"self":[{"href":"https:\/\/linitiative.ca\/International\/wp-json\/wp\/v2\/posts\/92468","targetHints":{"allow":["GET"]}}],"collection":[{"href":"https:\/\/linitiative.ca\/International\/wp-json\/wp\/v2\/posts"}],"about":[{"href":"https:\/\/linitiative.ca\/International\/wp-json\/wp\/v2\/types\/post"}],"author":[{"embeddable":true,"href":"https:\/\/linitiative.ca\/International\/wp-json\/wp\/v2\/users\/1787"}],"replies":[{"embeddable":true,"href":"https:\/\/linitiative.ca\/International\/wp-json\/wp\/v2\/comments?post=92468"}],"version-history":[{"count":0,"href":"https:\/\/linitiative.ca\/International\/wp-json\/wp\/v2\/posts\/92468\/revisions"}],"wp:attachment":[{"href":"https:\/\/linitiative.ca\/International\/wp-json\/wp\/v2\/media?parent=92468"}],"wp:term":[{"taxonomy":"category","embeddable":true,"href":"https:\/\/linitiative.ca\/International\/wp-json\/wp\/v2\/categories?post=92468"},{"taxonomy":"post_tag","embeddable":true,"href":"https:\/\/linitiative.ca\/International\/wp-json\/wp\/v2\/tags?post=92468"}],"curies":[{"name":"wp","href":"https:\/\/api.w.org\/{rel}","templated":true}]}}