{"id":92470,"date":"2020-07-15T12:25:59","date_gmt":"2020-07-15T16:25:59","guid":{"rendered":"https:\/\/linitiative.ca\/International\/registre-national-identifiant-numerique-vs-identifiant-sectoriel\/"},"modified":"2020-07-15T12:25:59","modified_gmt":"2020-07-15T16:25:59","slug":"registre-national-identifiant-numerique-vs-identifiant-sectoriel","status":"publish","type":"post","link":"https:\/\/linitiative.ca\/International\/registre-national-identifiant-numerique-vs-identifiant-sectoriel\/","title":{"rendered":"Registre national : identifiant num\u00e9rique vs  identifiant sectoriel"},"content":{"rendered":"<p><strong>L\u2019identifiant unique des citoyens figure parmi les sujets trait\u00e9s par L\u2019Economiste dans son \u00e9dition du mercredi 15 juillet.<\/strong><\/p>\n<div class=\"c10\"\/>\n<p>La Commission nationale de contr\u00f4le de protection des donn\u00e9es \u00e0 caract\u00e8re personnel (CNDP) met en garde contre les enjeux li\u00e9s \u00e0 la vie priv\u00e9e et la souverainet\u00e9 num\u00e9rique soulev\u00e9s par le registre social unifi\u00e9. Son but est d\u2019identifier et de cibler les m\u00e9nages ayant besoin d\u2019un soutien financier de l\u2019\u00c9tat, rappelle le journal.<\/p>\n<p>Des r\u00e9unions concernant ce projet du minist\u00e8re de l\u2019Int\u00e9rieur, en partenariat avec la Banque mondiale, se sont tenues entre des repr\u00e9sentants gouvernementaux, la CNDP et l\u2019institution internationale. Objectif\u00a0: d\u00e9terminer les choix techniques pour ce registre national. La confiance num\u00e9rique en est l\u2019un des enjeux, explique le quotidien.<\/p>\n<p><strong>Lire aussi |<\/strong> <strong><a href=\"https:\/\/www.challenge.ma\/coronavirus-la-cndp-sexprime-sur-lapplication-de-tracking-137591\/\" target=\"_blank\" rel=\"noreferrer noopener\" aria-label=\" (opens in a new tab)\">Coronavirus : la CNDP s\u2019exprime sur l\u2019application de tracking<\/a><\/strong><\/p>\n<p>Le gouvernement a opt\u00e9 pour un identifiant num\u00e9rique. Ainsi, toute la vie des citoyens sera centralis\u00e9e dans un seul num\u00e9ro. De son c\u00f4t\u00e9, la CNDP a jug\u00e9 pr\u00e9f\u00e9rable d\u2019opter pour un identifiant sectoriel. Les activit\u00e9s de chaque citoyen seraient identifiables via plusieurs num\u00e9ros : s\u00e9curit\u00e9 sociale, imp\u00f4ts\u2026 M\u00eame la Banque mondiale s\u2019est montr\u00e9e favorable \u00e0 l\u2019identifiant sectoriel, note L\u2019Economiste.<\/p>\n<p><strong>Lire aussi |<\/strong> <a rel=\"noreferrer noopener\" aria-label=\"Le minist&#xE8;re de l&#x2019;Int&#xE9;rieur lance le registre national de l&#x2019;&#xE9;tat civil (opens in a new tab)\" href=\"https:\/\/www.challenge.ma\/le-ministere-de-linterieur-lance-le-registre-national-de-letat-civil-93827\/\" target=\"_blank\"><strong>Le minist\u00e8re de l\u2019Int\u00e9rieur lance le registre national de l\u2019\u00e9tat civil<\/strong><\/a><\/p>\n<p>Entre temps, l\u2019ex\u00e9cutif a pr\u00e9par\u00e9 un projet de loi relatif au registre social unifi\u00e9. Il veut que le texte soit adopt\u00e9 avant la fin de l\u2019ann\u00e9e. Sauf que l\u2019identifiant unique permet d\u2019acc\u00e9der \u00e0 tous les fichiers publics. L\u2019identifiant sectoriel induit un acc\u00e8s au cas par cas. \u00ab\u00a0L\u2019interconnexion aux fichiers sera ainsi r\u00e9glement\u00e9e. Seule la loi ou une enqu\u00eate judiciaire permettront d\u2019y acc\u00e9der, explique la CNDP. Ce qui limite les abus et une utilisation sauvage de ces fichiers, souligne le journal.<\/p>\n<div class=\"vw-sticky-sidebar-wrapper vw-sticky-sidebar widget_text awac-wrapper widget_text awac widget custom_html-4 textwidget custom-html-widget\">\n<p class=\"has-background c12\"><span class=\"widget-title c11\">Tribune et D\u00e9bats<\/span><\/p>\n<p>La tribune qui vous parle d\u2019une actu, d\u2019un sujet qui fait d\u00e9bat, les traitent et les analysent. \u00c9conomistes et autres experts, patrons d\u2019entreprises, d\u00e9cideurs, acteurs de la soci\u00e9t\u00e9 civile, s\u2019y prononcent et contribuent \u00e0 sa grande richesse. Vous avez votre opinion, convergente ou diff\u00e9rente. Exprimez-la et mesurez-vous ainsi \u00e0 nos tribuns et d\u00e9batteurs.<\/p>\n<p>Envoyez vos analyses \u00e0 : <a href=\"\/cdn-cgi\/l\/email-protection#5d3e3233293c3e291d3e353c313138333a3873303c\"><span class=\"__cf_email__\" data-cfemail=\"44272b2a3025273004272c252828212a23216a2925\">[email\u00a0protected]<\/span><\/a>, en pr\u00e9cisant votre nom, votre pr\u00e9nom et votre m\u00e9tier.<\/p>\n<\/div>\n<p>Auteur: Karim Handaoui<br \/>\n<a href=\"https:\/\/www.challenge.ma\/registre-national-des-choix-techniques-font-debat-149312\/\">Cliquez ici pour lire l&rsquo;article depuis sa source.<\/a><\/p>\n","protected":false},"excerpt":{"rendered":"<p>L\u2019identifiant unique des citoyens figure parmi les sujets trait\u00e9s par L\u2019Economiste dans son \u00e9dition du mercredi 15 juillet. La Commission nationale de contr\u00f4le de protection des donn\u00e9es \u00e0 caract\u00e8re personnel (CNDP) met en garde contre les enjeux li\u00e9s \u00e0 la vie priv\u00e9e et la souverainet\u00e9 num\u00e9rique soulev\u00e9s par le registre social unifi\u00e9. Son but est [&hellip;]<\/p>\n","protected":false},"author":1787,"featured_media":0,"comment_status":"closed","ping_status":"closed","sticky":false,"template":"","format":"standard","meta":{"fifu_image_url":"","fifu_image_alt":"","footnotes":""},"categories":[78,54],"tags":[],"class_list":["post-92470","post","type-post","status-publish","format-standard","hentry","category-economie","category-maroc"],"_links":{"self":[{"href":"https:\/\/linitiative.ca\/International\/wp-json\/wp\/v2\/posts\/92470","targetHints":{"allow":["GET"]}}],"collection":[{"href":"https:\/\/linitiative.ca\/International\/wp-json\/wp\/v2\/posts"}],"about":[{"href":"https:\/\/linitiative.ca\/International\/wp-json\/wp\/v2\/types\/post"}],"author":[{"embeddable":true,"href":"https:\/\/linitiative.ca\/International\/wp-json\/wp\/v2\/users\/1787"}],"replies":[{"embeddable":true,"href":"https:\/\/linitiative.ca\/International\/wp-json\/wp\/v2\/comments?post=92470"}],"version-history":[{"count":0,"href":"https:\/\/linitiative.ca\/International\/wp-json\/wp\/v2\/posts\/92470\/revisions"}],"wp:attachment":[{"href":"https:\/\/linitiative.ca\/International\/wp-json\/wp\/v2\/media?parent=92470"}],"wp:term":[{"taxonomy":"category","embeddable":true,"href":"https:\/\/linitiative.ca\/International\/wp-json\/wp\/v2\/categories?post=92470"},{"taxonomy":"post_tag","embeddable":true,"href":"https:\/\/linitiative.ca\/International\/wp-json\/wp\/v2\/tags?post=92470"}],"curies":[{"name":"wp","href":"https:\/\/api.w.org\/{rel}","templated":true}]}}