{"id":92473,"date":"2020-07-15T14:02:51","date_gmt":"2020-07-15T18:02:51","guid":{"rendered":"https:\/\/linitiative.ca\/International\/tunisie-video-la-motion-de-censure-a-lencontre-de-fakhfekh-a-perdu-son-objet-et-na-plus-aucun-sens\/"},"modified":"2020-07-15T14:02:51","modified_gmt":"2020-07-15T18:02:51","slug":"tunisie-video-la-motion-de-censure-a-lencontre-de-fakhfekh-a-perdu-son-objet-et-na-plus-aucun-sens","status":"publish","type":"post","link":"https:\/\/linitiative.ca\/International\/tunisie-video-la-motion-de-censure-a-lencontre-de-fakhfekh-a-perdu-son-objet-et-na-plus-aucun-sens\/","title":{"rendered":"Tunisie \u2013 VIDEO: La motion de censure \u00e0 l\u2019encontre de Fakhfekh a \u00ab perdu son objet \u00bb et n\u2019a plus aucun sens"},"content":{"rendered":"<div class=\"post-cont-in left relative\">\n<p>Le sp\u00e9cialiste en droit constitutionnel, Rabah Khera\u00effi a assur\u00e9, ce mercredi, sur les ondes d\u2019Express FM, que la d\u00e9mission d\u2019Ely\u00e8s Fakhfekh a coup\u00e9 l\u2019herbe sous les pieds de ses d\u00e9tracteurs, notamment ceux qui ont lanc\u00e9 \u00e0 son encontre une motion de censure.<\/p>\n<div class=\"code-block code-block-1 c3\"><ins class=\"adsbygoogle c2\" data-ad-layout=\"in-article\" data-ad-format=\"fluid\" data-ad-client=\"ca-pub-2102118777505746\" data-ad-slot=\"7301775417\"\/> <\/div>\n<p>En effet, selon cet expert, la d\u00e9mission de Fakhfekh, enl\u00e8ve de fait, l\u2019objet de cette motion, qui n\u2019a plus aucun sens et aucune raison d\u2019\u00eatre, puisqu\u2019elle sera lanc\u00e9e pour retirer la confiance \u00e0 quelqu\u2019un qui est d\u00e9j\u00e0 d\u00e9missionnaire.<\/p>\n<p>Khera\u00effi a assur\u00e9 que de ce fait, l\u2019initiative du choix du prochain chef du gouvernement revient automatiquement au pr\u00e9sident de la R\u00e9publique, <a href=\"https:\/\/www.tunisienumerique.com\/tunisie-actualite\/kais-saied\/\" title=\"Ka&#xEF;s Sa&#xEF;ed\" target=\"_top\" class=\"auto-link\" rel=\"noopener noreferrer\">Ka\u00efs Sa\u00efed<\/a>.<br \/><iframe loading=\"lazy\" class=\"c4\" src=\"https:\/\/www.facebook.com\/plugins\/video.php?href=https%3A%2F%2Fwww.facebook.com%2FRadioExpressFm%2Fvideos%2F649625722308162%2F&amp;show_text=0&amp;width=560\" width=\"560\" height=\"315\" frameborder=\"0\" scrolling=\"no\" allowfullscreen=\"allowfullscreen\">[embedded content]<\/iframe><\/p>\n<div class=\"swp_social_panel swp_horizontal_panel swp_flat_fresh swp_default_full_color swp_individual_full_color swp_other_full_color scale-100 scale-\" data-min-width=\"1100\" data-float-color=\"#ffffff\" data-float=\"bottom\" data-float-mobile=\"bottom\" data-transition=\"slide\">\n<div class=\"nc_tweetContainer swp_share_button total_shares total_sharesalt\"><span class=\"swp_count\">26 <span class=\"swp_label\">Partages<\/span><\/span><\/div>\n<\/div>\n<p><strong>Que se passe-t-il en Tunisie?<\/strong><br \/>Nous expliquons sur notre <a href=\"https:\/\/www.youtube.com\/channel\/UCRzypVq0B_yBad5eGrwBx0Q?sub_confirmation=1\" target=\"_blank\" rel=\"noopener noreferrer\">cha\u00eene YouTube<\/a> . <a href=\"https:\/\/www.youtube.com\/channel\/UCRzypVq0B_yBad5eGrwBx0Q?sub_confirmation=1\" target=\"_blank\" rel=\"noopener noreferrer\">Abonnez-vous!<\/a><\/p>\n<div class=\"mvp-org-wrap mvp-org-logo\" itemprop=\"publisher\" itemscope=\"\" itemtype=\"https:\/\/schema.org\/Organization\"><img decoding=\"async\" src=\"https:\/\/www.tunisienumerique.com\/wp-content\/uploads\/2017\/02\/logo_tunisie_numerique.png\"\/><\/div>\n<div class=\"mvp-related-posts left relative\">\n<h4 class=\"post-header\"><span class=\"post-header\">Lire aussi<\/span><\/h4>\n<\/div>\n<div id=\"article-ad\"><ins class=\"adsbygoogle c5\" data-ad-client=\"ca-pub-2102118777505746\" data-ad-slot=\"6513972734\" data-ad-format=\"auto\" data-full-width-responsive=\"true\"\/> <\/div>\n<\/div>\n<div id=\"post-sidebar-wrap\"><ins class=\"adsbygoogle c5\" data-ad-client=\"ca-pub-2102118777505746\" data-ad-slot=\"6168283410\" data-ad-format=\"auto\" data-full-width-responsive=\"true\"\/> <\/div>\n<p>Auteur: LM<br \/>\n<a href=\"https:\/\/www.tunisienumerique.com\/tunisie-video-la-motion-de-censure-a-lencontre-de-fakhfekh-a-perdu-son-objet-et-na-plus-aucun-sens\/\">Cliquez ici pour lire l&rsquo;article depuis sa source.<\/a><\/p>\n","protected":false},"excerpt":{"rendered":"<p>Le sp\u00e9cialiste en droit constitutionnel, Rabah Khera\u00effi a assur\u00e9, ce mercredi, sur les ondes d\u2019Express FM, que la d\u00e9mission d\u2019Ely\u00e8s Fakhfekh a coup\u00e9 l\u2019herbe sous les pieds de ses d\u00e9tracteurs, notamment ceux qui ont lanc\u00e9 \u00e0 son encontre une motion de censure. En effet, selon cet expert, la d\u00e9mission de Fakhfekh, enl\u00e8ve de fait, l\u2019objet [&hellip;]<\/p>\n","protected":false},"author":1789,"featured_media":92474,"comment_status":"closed","ping_status":"closed","sticky":false,"template":"","format":"standard","meta":{"fifu_image_url":"","fifu_image_alt":"","footnotes":""},"categories":[73,55],"tags":[],"class_list":["post-92473","post","type-post","status-publish","format-standard","has-post-thumbnail","hentry","category-actualite","category-tunisie"],"_links":{"self":[{"href":"https:\/\/linitiative.ca\/International\/wp-json\/wp\/v2\/posts\/92473","targetHints":{"allow":["GET"]}}],"collection":[{"href":"https:\/\/linitiative.ca\/International\/wp-json\/wp\/v2\/posts"}],"about":[{"href":"https:\/\/linitiative.ca\/International\/wp-json\/wp\/v2\/types\/post"}],"author":[{"embeddable":true,"href":"https:\/\/linitiative.ca\/International\/wp-json\/wp\/v2\/users\/1789"}],"replies":[{"embeddable":true,"href":"https:\/\/linitiative.ca\/International\/wp-json\/wp\/v2\/comments?post=92473"}],"version-history":[{"count":0,"href":"https:\/\/linitiative.ca\/International\/wp-json\/wp\/v2\/posts\/92473\/revisions"}],"wp:featuredmedia":[{"embeddable":true,"href":"https:\/\/linitiative.ca\/International\/wp-json\/"}],"wp:attachment":[{"href":"https:\/\/linitiative.ca\/International\/wp-json\/wp\/v2\/media?parent=92473"}],"wp:term":[{"taxonomy":"category","embeddable":true,"href":"https:\/\/linitiative.ca\/International\/wp-json\/wp\/v2\/categories?post=92473"},{"taxonomy":"post_tag","embeddable":true,"href":"https:\/\/linitiative.ca\/International\/wp-json\/wp\/v2\/tags?post=92473"}],"curies":[{"name":"wp","href":"https:\/\/api.w.org\/{rel}","templated":true}]}}