{"id":92497,"date":"2020-07-15T13:18:06","date_gmt":"2020-07-15T17:18:06","guid":{"rendered":"https:\/\/linitiative.ca\/International\/jeux-olympiques-de-la-jeunesse-dakar-2022-reportee-jusquen-2026-cio\/"},"modified":"2020-07-15T13:18:06","modified_gmt":"2020-07-15T17:18:06","slug":"jeux-olympiques-de-la-jeunesse-dakar-2022-reportee-jusquen-2026-cio","status":"publish","type":"post","link":"https:\/\/linitiative.ca\/International\/jeux-olympiques-de-la-jeunesse-dakar-2022-reportee-jusquen-2026-cio\/","title":{"rendered":"Jeux Olympiques de la Jeunesse : Dakar 2022 report\u00e9e jusqu\u2019en 2026 (CIO)"},"content":{"rendered":"<div readability=\"32\">\n<p>Publi\u00e9 le 15.07.2020 \u00e0 18h18 par APA News<\/p>\n<\/div>\n<div readability=\"116\">\n<p>Le Comit\u00e9 International Olympique (CIO) a d\u00e9cid\u00e9 mercredi, \u00ab d\u2019un commun accord \u00bb avec le S\u00e9n\u00e9gal, de se donner quatre ann\u00e9es suppl\u00e9mentaires pour organiser les JOJ de Dakar 2022, d\u00e9sormais transform\u00e9s en Dakar 2026.\u00ab La proposition du pr\u00e9sident Macky Sall a en effet \u00e9t\u00e9 favorablement accueillie par \u00a0Thomas Bach, pr\u00e9sident du CIO, \u00e0 l\u2019issue d\u2019\u00e9changes approfondis sur le sujet \u00bb, explique le CIO dans un communiqu\u00e9, soulignant que ce report r\u00e9pond \u00e0 \u00ab l\u2019exigence de responsabilit\u00e9 et au souci d\u2019efficacit\u00e9 \u00bb que commandent les circonstances actuelles marqu\u00e9es par la pand\u00e9mie de Covid-19.<\/p>\n<p>L\u2019accord a \u00e9t\u00e9 approuv\u00e9, ce mercredi, par la commission ex\u00e9cutive du CIO et sera soumis, pour ratification, \u00e0 la Session du CIO vendredi 17 juillet 2020, pr\u00e9cise le document.<\/p>\n<p>Par ailleurs, le report permet au CIO, aux Comit\u00e9s nationaux olympiques (CNO) et aux F\u00e9d\u00e9rations internationales (FI) de \u00ab\u00a0mieux planifier leurs activit\u00e9s, fortement affect\u00e9es\u00a0\u00bb par le report des Jeux Olympiques de Tokyo 2020, les reports ult\u00e9rieurs des grandes comp\u00e9titions sportives internationales ainsi que les cons\u00e9quences op\u00e9rationnelles et financi\u00e8res de la crise sanitaire mondiale.<\/p>\n<p>Dans le m\u00eame temps, souligne le CIO, organiser Dakar 2022 en 2026 \u00ab permet au S\u00e9n\u00e9gal de poursuivre les excellents pr\u00e9paratifs des Jeux Olympiques de la Jeunesse \u00bb.\u00a0<\/p>\n<p>Macky Sall et Thomas Bach, qui se f\u00e9licitent par ailleurs des \u00ab\u00a0avanc\u00e9es r\u00e9alis\u00e9es, ont d\u2019une m\u00eame voix renouvel\u00e9 leur confiance\u00a0\u00bb au pr\u00e9sident du comit\u00e9 d\u2019organisation de Dakar 2022, Mamadou Diagna Ndiaye, membre du CIO au S\u00e9n\u00e9gal, et \u00ab\u00a0restent pleinement d\u00e9termin\u00e9s \u00e0 faire de ces Jeux Olympiques de la Jeunesse, premi\u00e8re comp\u00e9tition olympique en Afrique, une r\u00e9ussite pleine et enti\u00e8re\u00a0\u00bb.<\/p>\n<p>\u00ab\u00a0Cet accord conclu \u00e0 l\u2019amiable est le reflet de la confiance mutuelle entre le S\u00e9n\u00e9gal et le CIO, a d\u00e9clar\u00e9 le pr\u00e9sident du CIO. Je voudrais exprimer mes sinc\u00e8res remerciements au pr\u00e9sident Macky Sall, grand ami et partisan du Mouvement olympique, pour cette relation exceptionnelle, de confiance et de qualit\u00e9. Pour toutes ces raisons, je suis certain qu\u2019ensemble, nous organiserons de brillants Jeux Olympiques de la Jeunesse de Dakar 2026 pour le S\u00e9n\u00e9gal, l\u2019ensemble du continent africain et tous les jeunes athl\u00e8tes du monde\u00a0\u00bb.<\/p>\n<p>Pour sa part, le chef d\u2019Etat s\u00e9n\u00e9galais a dit \u00ab\u00a0r\u00e9it\u00e9rer au CIO (son) soutien sans r\u00e9serve \u00e0 l\u2019organisation des Jeux Olympiques de la Jeunesse, report\u00e9s \u00e0 2026. Je saisis l\u2019occasion pour renouveler ma confiance \u00e0 la commission ex\u00e9cutive et salue l\u2019engagement de ses \u00e9quipes, \u00e0 nos c\u00f4t\u00e9s, pour faire de Dakar 2026, premi\u00e8re manifestation olympique en Afrique, une r\u00e9ussite qui reste dans les m\u00e9moires \u00bb.<\/p>\n<p>En revanche, le CIO et le S\u00e9n\u00e9gal sont conscients que pour de nombreux jeunes athl\u00e8tes, \u00ab\u00a0cette nouvelle sera d\u00e9cevante\u00a0\u00bb. Mais \u00ab\u00a0nous ne pouvons que faire appel \u00e0 leur compr\u00e9hension. Cet accord refl\u00e8te l\u2019ampleur des d\u00e9fis op\u00e9rationnels auxquels le CIO, les CNO et les FI doivent faire face \u00e0 la suite du report des Jeux Olympiques de Tokyo 2020\u00a0\u00bb, a ajout\u00e9 le communiqu\u00e9.<\/p>\n<p>Par ailleurs, le CIO promet de continuer d\u2019offrir \u00e0 toutes les F\u00e9d\u00e9rations Internationales et Associations continentales de CNO l\u2019int\u00e9gralit\u00e9 du contenu des programmes \u00e9ducatifs des Jeux Olympiques de la Jeunesse (JOJ). Cela permettra de \u00ab conserver les objectifs de cette composante tr\u00e8s importante et tr\u00e8s appr\u00e9ci\u00e9e des JOJ \u00bb, lors des nombreuses manifestations organis\u00e9es jusqu\u2019en 2026, en particulier dans le cadre des Jeux continentaux de la jeunesse.<\/p>\n<\/div>\n<p>Auteur: APA News<br \/>\n<a href=\"https:\/\/www.journalducameroun.com\/jeux-olympiques-de-la-jeunesse-dakar-2022-reportee-jusquen-2026-cio\/\">Cliquez ici pour lire l&rsquo;article depuis sa source.<\/a><\/p>\n","protected":false},"excerpt":{"rendered":"<p>Publi\u00e9 le 15.07.2020 \u00e0 18h18 par APA News Le Comit\u00e9 International Olympique (CIO) a d\u00e9cid\u00e9 mercredi, \u00ab d\u2019un commun accord \u00bb avec le S\u00e9n\u00e9gal, de se donner quatre ann\u00e9es suppl\u00e9mentaires pour organiser les JOJ de Dakar 2022, d\u00e9sormais transform\u00e9s en Dakar 2026.\u00ab La proposition du pr\u00e9sident Macky Sall a en effet \u00e9t\u00e9 favorablement accueillie par [&hellip;]<\/p>\n","protected":false},"author":1965,"featured_media":0,"comment_status":"closed","ping_status":"closed","sticky":false,"template":"","format":"standard","meta":{"fifu_image_url":"","fifu_image_alt":"","footnotes":""},"categories":[73,82],"tags":[],"class_list":["post-92497","post","type-post","status-publish","format-standard","hentry","category-actualite","category-cameroun"],"_links":{"self":[{"href":"https:\/\/linitiative.ca\/International\/wp-json\/wp\/v2\/posts\/92497","targetHints":{"allow":["GET"]}}],"collection":[{"href":"https:\/\/linitiative.ca\/International\/wp-json\/wp\/v2\/posts"}],"about":[{"href":"https:\/\/linitiative.ca\/International\/wp-json\/wp\/v2\/types\/post"}],"author":[{"embeddable":true,"href":"https:\/\/linitiative.ca\/International\/wp-json\/wp\/v2\/users\/1965"}],"replies":[{"embeddable":true,"href":"https:\/\/linitiative.ca\/International\/wp-json\/wp\/v2\/comments?post=92497"}],"version-history":[{"count":0,"href":"https:\/\/linitiative.ca\/International\/wp-json\/wp\/v2\/posts\/92497\/revisions"}],"wp:attachment":[{"href":"https:\/\/linitiative.ca\/International\/wp-json\/wp\/v2\/media?parent=92497"}],"wp:term":[{"taxonomy":"category","embeddable":true,"href":"https:\/\/linitiative.ca\/International\/wp-json\/wp\/v2\/categories?post=92497"},{"taxonomy":"post_tag","embeddable":true,"href":"https:\/\/linitiative.ca\/International\/wp-json\/wp\/v2\/tags?post=92497"}],"curies":[{"name":"wp","href":"https:\/\/api.w.org\/{rel}","templated":true}]}}