{"id":92503,"date":"2020-07-15T14:14:17","date_gmt":"2020-07-15T18:14:17","guid":{"rendered":"https:\/\/linitiative.ca\/International\/le-cameroun-affiche-un-taux-de-croissance-de-38-au-quatrieme-trimestre-2019\/"},"modified":"2020-07-15T14:14:17","modified_gmt":"2020-07-15T18:14:17","slug":"le-cameroun-affiche-un-taux-de-croissance-de-38-au-quatrieme-trimestre-2019","status":"publish","type":"post","link":"https:\/\/linitiative.ca\/International\/le-cameroun-affiche-un-taux-de-croissance-de-38-au-quatrieme-trimestre-2019\/","title":{"rendered":"Le Cameroun affiche un taux de croissance de 3,8% au quatri\u00e8me trimestre 2019"},"content":{"rendered":"<p>Au quatri\u00e8me trimestre de l\u2019ann\u00e9e 2019, la croissance de l\u2019activit\u00e9 \u00e9conomique du Cameroun se situe \u00e0 3,8\u00a0% PIB. C\u2019est ce que r\u00e9v\u00e8le l\u2019Institut national de la statistique (INS) dans sa r\u00e9cente analyse sur les comptes nationaux du pays. Ce taux est largement au-dessus des 2,1% r\u00e9alis\u00e9s au cours de la m\u00eame p\u00e9riode en 2018. Cette performance r\u00e9sulte de la bonne tenue des activit\u00e9s dans l\u2019ensemble des trois secteurs. Avec une contribution \u00e0 la croissance de 1,9 point, le secteur tertiaire se place en t\u00eate. Il est suivi du secteur secondaire (1,3 point) et du primaire (0,3 point).<\/p>\n<p><strong>Lire aussi<\/strong> : <a href=\"https:\/\/ecomatin.net\/croissance-lagriculture-camerounaise-maintient-le-cap\/\">Croissance\u00a0: l\u2019agriculture camerounaise maintient le cap<\/a><\/p>\n<p>\u00a0\u00ab\u2009Le secteur tertiaire demeure le moteur de la croissance, impuls\u00e9 ce trimestre par les performances des activit\u00e9s de commerce, de transport et des autres services marchands tels que les services professionnels, techniques et scientifiques\u00bb, indique l\u2019INS.<\/p>\n<p>S\u2019agissant du secteur primaire, l\u2019INS indique qu\u2019il poursuit de sa dynamique de croissance haussi\u00e8re avec une progression de 0,3 point \u00e0 la croissance du PIB par rapport au trimestre pr\u00e9c\u00e9dent. Selon la m\u00eame institution, le secteur primaire demeure vigoureux. \u00ab\u00a0Sa performance est soutenue par l\u2019agriculture industrielle et d\u2019exportation et, dans une moindre mesure, par l\u2019agriculture vivri\u00e8re avec une ma\u00eetrise des prix des produits vivriers, traduisant une am\u00e9lioration de l\u2019offre locale\u00a0\u00bb pr\u00e9cise l\u2019institut.<\/p>\n<p><strong>Lire aussi<\/strong> : <a href=\"https:\/\/ecomatin.net\/croissance-et-emploi-le-secteur-prive-ne-croit-plus-au-dsce\/\">Croissance et emploi: le secteur priv\u00e9 ne cro\u00eet plus au DSCE<\/a><\/p>\n<p>Le secteur secondaire quant \u00e0 lui marque, au cours du quatri\u00e8me trimestre de 2019, une croissance soutenue de 5,1% et contribue de 1,3 point \u00e0 la croissance de l\u2019\u00e9conomie. Cette embellie du secteur r\u00e9sulte de la bonne tenue des activit\u00e9s dans presque toutes les branches d\u2019activit\u00e9s qui le composent en dehors de celui de la production et distribution de l\u2019\u00e9lectricit\u00e9. La branche des industries extractives affiche un taux de croissance de 9,2% et contribue de 0,5 point \u00e0 la croissance de ce secteur. Les branches b\u00e2timent et travaux publics, industries agroalimentaire et industries de fabrication constituent \u00e9galement un levier de la performance avec respectivement 0,3, 0,2 et 0,2 point \u00e0 la croissance de ce secteur. \u00ab\u00a0Par contre, le sous-secteur de production et distribution de l\u2019\u00e9lectricit\u00e9 (-0,7%) en perte de vitesse depuis trois trimestres a enregistr\u00e9 une contribution nulle \u00e0 la croissance.\u00a0\u00bb indique l\u2019INS.<\/p>\n<p><strong>Lire aussi<\/strong> : <a href=\"https:\/\/ecomatin.net\/performance-la-croissance-de-45-pour-le-cameroun-au-4e-trimestre-2018\/\">\u00a0Performance: la croissance de 4,5 pour le Cameroun au 4e trimestre 2018<\/a><\/p>\n<p>Du c\u00f4t\u00e9 de la demande, la croissance du PIB est principalement port\u00e9e par la consommation finale et l\u2019investissement avec des contributions respectives \u00e0 la croissance de 4,7 points et 5,4 points. Toutefois, cette performance a \u00e9t\u00e9 amoindrie par l\u2019important accroissement des importations (27.9%) contribuant n\u00e9gativement de 8,6 points \u00e0 la croissance, en d\u00e9pit de l\u2019am\u00e9lioration des exportations de 9,7%.<\/p>\n<div class=\"awac-wrapper awac widget posts-list-widget-11\">\n<h4 class=\"widget-title\">Le plus r\u00e9cent<\/h4>\n<\/div>\n<p>Auteur: Eco Matin<br \/>\n<a href=\"https:\/\/ecomatin.net\/le-cameroun-affiche-un-taux-de-croissance-de-38-au-quatrieme-trimestre-2019\/\">Cliquez ici pour lire l&rsquo;article depuis sa source.<\/a><\/p>\n","protected":false},"excerpt":{"rendered":"<p>Au quatri\u00e8me trimestre de l\u2019ann\u00e9e 2019, la croissance de l\u2019activit\u00e9 \u00e9conomique du Cameroun se situe \u00e0 3,8\u00a0% PIB. C\u2019est ce que r\u00e9v\u00e8le l\u2019Institut national de la statistique (INS) dans sa r\u00e9cente analyse sur les comptes nationaux du pays. Ce taux est largement au-dessus des 2,1% r\u00e9alis\u00e9s au cours de la m\u00eame p\u00e9riode en 2018. Cette [&hellip;]<\/p>\n","protected":false},"author":1969,"featured_media":0,"comment_status":"closed","ping_status":"closed","sticky":false,"template":"","format":"standard","meta":{"fifu_image_url":"","fifu_image_alt":"","footnotes":""},"categories":[82,78],"tags":[],"class_list":["post-92503","post","type-post","status-publish","format-standard","hentry","category-cameroun","category-economie"],"_links":{"self":[{"href":"https:\/\/linitiative.ca\/International\/wp-json\/wp\/v2\/posts\/92503","targetHints":{"allow":["GET"]}}],"collection":[{"href":"https:\/\/linitiative.ca\/International\/wp-json\/wp\/v2\/posts"}],"about":[{"href":"https:\/\/linitiative.ca\/International\/wp-json\/wp\/v2\/types\/post"}],"author":[{"embeddable":true,"href":"https:\/\/linitiative.ca\/International\/wp-json\/wp\/v2\/users\/1969"}],"replies":[{"embeddable":true,"href":"https:\/\/linitiative.ca\/International\/wp-json\/wp\/v2\/comments?post=92503"}],"version-history":[{"count":0,"href":"https:\/\/linitiative.ca\/International\/wp-json\/wp\/v2\/posts\/92503\/revisions"}],"wp:attachment":[{"href":"https:\/\/linitiative.ca\/International\/wp-json\/wp\/v2\/media?parent=92503"}],"wp:term":[{"taxonomy":"category","embeddable":true,"href":"https:\/\/linitiative.ca\/International\/wp-json\/wp\/v2\/categories?post=92503"},{"taxonomy":"post_tag","embeddable":true,"href":"https:\/\/linitiative.ca\/International\/wp-json\/wp\/v2\/tags?post=92503"}],"curies":[{"name":"wp","href":"https:\/\/api.w.org\/{rel}","templated":true}]}}