{"id":92508,"date":"2020-07-16T10:38:35","date_gmt":"2020-07-16T14:38:35","guid":{"rendered":"https:\/\/linitiative.ca\/International\/dakar-2022-les-jeux-olympiques-de-la-jeunesse-reportes\/"},"modified":"2020-07-16T10:38:35","modified_gmt":"2020-07-16T14:38:35","slug":"dakar-2022-les-jeux-olympiques-de-la-jeunesse-reportes","status":"publish","type":"post","link":"https:\/\/linitiative.ca\/International\/dakar-2022-les-jeux-olympiques-de-la-jeunesse-reportes\/","title":{"rendered":"Dakar-2022 : Les Jeux Olympiques de la Jeunesse report\u00e9s"},"content":{"rendered":"<header>\n<div class=\"entry-post-meta\">\n<div class=\"author-link\">Publi\u00e9 par <a itemprop=\"author\" itemscope=\"\" itemtype=\"https:\/\/schema.org\/Person\" href=\"https:\/\/aujourdhui.ma\/author\/blio\" rel=\"author\"><span itemprop=\"name\">ALM<\/span><\/a><\/div>\n<p>Date\u00a0:<time content=\"2020-07-16T15:38:35+01:00\" class=\"entry-date updated\" datetime=\"2020-07-16T15:38:35+01:00\">juillet 16, 2020<\/time><\/p>\n<div class=\"entry-cat\">dans:<a href=\"https:\/\/aujourdhui.ma\/category\/sports\" rel=\"category tag\">Sports<\/a><\/div>\n<p>16Vues<\/p>\n<\/div>\n<\/header>\n<div class=\"entry-content clearfix\" readability=\"47\"><img decoding=\"async\" class=\"post_layout_5_img\" src=\"http:\/\/aujourdhui.ma\/wp-content\/uploads\/2020\/07\/Dakar-2022-Les-Jeux-Olympiques-de-la-Jeunesse-report\u00e9s-.jpg\" alt=\"Dakar-2022 : Les Jeux Olympiques de la Jeunesse report&#xE9;s\"\/><\/p>\n<p><strong>Le S\u00e9n\u00e9gal et le Comit\u00e9 international olympique (CIO) ont d\u00e9cid\u00e9, d\u2019un commun accord, de reporter, \u00e0 2026, les Jeux Olympiques de la Jeunesse initialement pr\u00e9vus \u00e0 Dakar en 2022, rapporte mercredi le CIO sur son site officiel.<\/strong><span id=\"more-350817\"\/><\/p>\n<p>Le pr\u00e9sident du CIO Thomas Bach a d\u00e9clar\u00e9 que \u00abcet accord conclu \u00e0 l\u2019amiable est le reflet de la confiance mutuelle entre le S\u00e9n\u00e9gal et le CIO\u00bb. \u00abJe suis certain qu\u2019ensemble, nous organiserons de brillants Jeux Olympiques de la Jeunesse de Dakar 2026 pour le S\u00e9n\u00e9gal, l\u2019ensemble du continent africain et tous les jeunes athl\u00e8tes du monde\u00bb, a-t-il ajout\u00e9.<\/p>\n<\/div>\n<p>Auteur: ALM<br \/>\n<a href=\"https:\/\/aujourdhui.ma\/sports\/dakar-2022-les-jeux-olympiques-de-la-jeunesse-reportes\">Cliquez ici pour lire l&rsquo;article depuis sa source.<\/a><\/p>\n","protected":false},"excerpt":{"rendered":"<p>Publi\u00e9 par ALM Date\u00a0:juillet 16, 2020 dans:Sports 16Vues Le S\u00e9n\u00e9gal et le Comit\u00e9 international olympique (CIO) ont d\u00e9cid\u00e9, d\u2019un commun accord, de reporter, \u00e0 2026, les Jeux Olympiques de la Jeunesse initialement pr\u00e9vus \u00e0 Dakar en 2022, rapporte mercredi le CIO sur son site officiel. Le pr\u00e9sident du CIO Thomas Bach a d\u00e9clar\u00e9 que \u00abcet [&hellip;]<\/p>\n","protected":false},"author":1759,"featured_media":92509,"comment_status":"closed","ping_status":"closed","sticky":false,"template":"","format":"standard","meta":{"fifu_image_url":"","fifu_image_alt":"","footnotes":""},"categories":[73,54],"tags":[],"class_list":["post-92508","post","type-post","status-publish","format-standard","has-post-thumbnail","hentry","category-actualite","category-maroc"],"_links":{"self":[{"href":"https:\/\/linitiative.ca\/International\/wp-json\/wp\/v2\/posts\/92508","targetHints":{"allow":["GET"]}}],"collection":[{"href":"https:\/\/linitiative.ca\/International\/wp-json\/wp\/v2\/posts"}],"about":[{"href":"https:\/\/linitiative.ca\/International\/wp-json\/wp\/v2\/types\/post"}],"author":[{"embeddable":true,"href":"https:\/\/linitiative.ca\/International\/wp-json\/wp\/v2\/users\/1759"}],"replies":[{"embeddable":true,"href":"https:\/\/linitiative.ca\/International\/wp-json\/wp\/v2\/comments?post=92508"}],"version-history":[{"count":0,"href":"https:\/\/linitiative.ca\/International\/wp-json\/wp\/v2\/posts\/92508\/revisions"}],"wp:featuredmedia":[{"embeddable":true,"href":"https:\/\/linitiative.ca\/International\/wp-json\/"}],"wp:attachment":[{"href":"https:\/\/linitiative.ca\/International\/wp-json\/wp\/v2\/media?parent=92508"}],"wp:term":[{"taxonomy":"category","embeddable":true,"href":"https:\/\/linitiative.ca\/International\/wp-json\/wp\/v2\/categories?post=92508"},{"taxonomy":"post_tag","embeddable":true,"href":"https:\/\/linitiative.ca\/International\/wp-json\/wp\/v2\/tags?post=92508"}],"curies":[{"name":"wp","href":"https:\/\/api.w.org\/{rel}","templated":true}]}}